{"id":3074,"date":"2026-08-29T07:48:47","date_gmt":"2026-08-29T07:48:47","guid":{"rendered":"https:\/\/vehiclepass.eu\/european-import-vin-lookup\/"},"modified":"2026-08-29T07:48:47","modified_gmt":"2026-08-29T07:48:47","slug":"europai-importalt-jarmuvek-vin-kereso","status":"publish","type":"post","link":"https:\/\/vehiclepass.eu\/hu\/european-import-vin-lookup\/","title":{"rendered":"European Import VIN Lookup Before You Buy"},"content":{"rendered":"<p><p>Egy import\u00e1lt haszn\u00e1lt szem\u00e9lyg\u00e9pkocsi dokument\u00e1ci\u00f3ja els\u0151 r\u00e1n\u00e9z\u00e9sre teljesnek t\u0171nhet, mik\u00f6zben a m\u00faltj\u00e1ban m\u00e9gis jelent\u0151s hi\u00e1nyoss\u00e1gok maradhatnak. A bel\u00e9lyegzett szervizk\u00f6nyv nem felt\u00e9tlen\u00fcl tartalmazza az \u00f6sszes szervizl\u00e1togat\u00e1st, \u00e9s az elad\u00e1skor m\u00e9rt kilom\u00e9ter\u00f3ra-\u00e1ll\u00e1s sem bizony\u00edtja, hogy a j\u00e1rm\u0171vet hogyan karbantartott\u00e1k, miel\u0151tt \u00e1tl\u00e9pte a hat\u00e1rt. A <strong>Eur\u00f3pai import\u00e1lt j\u00e1rm\u0171vek VIN-lek\u00e9rdez\u00e9se<\/strong> seg\u00edt abban, hogy a j\u00e1rm\u0171azonos\u00edt\u00f3 sz\u00e1mot olyan k\u00e9zzelfoghat\u00f3 bizony\u00edt\u00e9kk\u00e1 alak\u00edtsa, amelyet az el\u0151leg befizet\u00e9se el\u0151tt \u00e9rt\u00e9kelhet.<\/p>\n<\/p>\n<p><p>Mag\u00e1nv\u00e1s\u00e1rl\u00f3k, keresked\u0151k \u00e9s import\u00e1l\u00f3 szakemberek sz\u00e1m\u00e1ra a c\u00e9l nem csup\u00e1n egy jelent\u00e9s beszerz\u00e9se. Hanem az, hogy \u00f6sszehasonl\u00edts\u00e1k az elad\u00f3 \u00e1ll\u00edt\u00e1sait a el\u00e9rhet\u0151 karbantart\u00e1si, fut\u00e1steljes\u00edtm\u00e9ny-, garancia- \u00e9s aut\u00f3szerviz-adatokkal. A nyilv\u00e1ntart\u00e1sok gy\u00e1rt\u00f3nk\u00e9nt, piaconk\u00e9nt, modell\u00e9vekenk\u00e9nt \u00e9s szervizh\u00e1l\u00f3zatok szerint elt\u00e9r\u0151ek, ez\u00e9rt a VIN-ellen\u0151rz\u00e9st ellen\u0151rz\u0151 l\u00e9p\u00e9sk\u00e9nt kell kezelni, nem pedig olyan \u00edg\u00e9retk\u00e9nt, hogy minden nyilv\u00e1ntart\u00e1s el\u00e9rhet\u0151 lesz.<\/p>\n<\/p>\n<p><h2>Mit lehet ellen\u0151rizni egy eur\u00f3pai import\u00e1lt j\u00e1rm\u0171 VIN-k\u00f3dj\u00e1nak lek\u00e9rdez\u00e9s\u00e9vel<\/h2>\n<\/p>\n<p><p>A VIN egy 17 karakteres j\u00e1rm\u0171azonos\u00edt\u00f3 sz\u00e1m, amelyet az egyes j\u00e1rm\u0171vek azonos\u00edt\u00e1s\u00e1ra haszn\u00e1lnak. Seg\u00edts\u00e9g\u00e9vel ellen\u0151rizhet\u0151k a j\u00e1rm\u0171 alapvet\u0151 azonos\u00edt\u00f3 adatai, \u00e9s amennyiben a vonatkoz\u00f3 adatforr\u00e1sokb\u00f3l el\u00e9rhet\u0151k a nyilv\u00e1ntart\u00e1sok, t\u00e1mogatja a j\u00e1rm\u0171 digit\u00e1lis szervizel\u0151zm\u00e9nyeinek \u00e9s karbantart\u00e1si t\u00f6rt\u00e9net\u00e9nek ellen\u0151rz\u00e9s\u00e9t is.<\/p>\n<\/p>\n<p><p>A <strong>Eur\u00f3pai import\u00e1lt j\u00e1rm\u0171vek VIN-lek\u00e9rdez\u00e9se<\/strong> seg\u00edthet olyan inform\u00e1ci\u00f3k \u00e1ttekint\u00e9s\u00e9ben, mint a r\u00f6gz\u00edtett szervizel\u00e9si esem\u00e9nyek, a kilom\u00e9ter\u00f3ra-\u00e1ll\u00e1s bejegyz\u00e9sei, a karbantart\u00e1si munk\u00e1k, a szervizl\u00e1togat\u00e1sok \u00e9s a j\u00f3t\u00e1ll\u00e1ssal kapcsolatos adatok. A pontos eredm\u00e9ny att\u00f3l f\u00fcgg, hogy mit r\u00f6gz\u00edtettek \u00e9s tettek el\u00e9rhet\u0151v\u00e9 az adott j\u00e1rm\u0171 eset\u00e9ben. P\u00e9ld\u00e1ul egy hivatalos h\u00e1l\u00f3zaton k\u00edv\u00fcl szervizelt aut\u00f3nak lehetnek ugyan sz\u00e1ml\u00e1i, de a gy\u00e1rt\u00f3 \u00e1ltal r\u00f6gz\u00edtett digit\u00e1lis el\u0151zm\u00e9nyei korl\u00e1tozottak lehetnek.<\/p>\n<\/p>\n<table>\n<thead>\n<tr>\n<th>Ellen\u0151rzend\u0151 ter\u00fclet<\/th>\n<th>Mi\u00e9rt fontos ezt megfontolni a v\u00e1s\u00e1rl\u00e1s el\u0151tt?<\/th>\n<\/tr>\n<\/thead>\n<tbody>\n<tr>\n<td>J\u00e1rm\u0171azonos\u00edt\u00e1s<\/td>\n<td>Seg\u00edt meger\u0151s\u00edteni, hogy az elad\u00f3 \u00e1ltal megadott VIN val\u00f3ban a hirdetett j\u00e1rm\u0171re vonatkozik-e.<\/td>\n<\/tr>\n<tr>\n<td>Digit\u00e1lis szervizel\u0151zm\u00e9nyek<\/td>\n<td>Al\u00e1t\u00e1maszthatja a tervezett karbantart\u00e1sokkal, \u00e1tvizsg\u00e1l\u00e1sokkal \u00e9s aut\u00f3szerviz-tev\u00e9kenys\u00e9gekkel kapcsolatos \u00e1ll\u00edt\u00e1sokat.<\/td>\n<\/tr>\n<tr>\n<td>Kilom\u00e9ter\u00f3ra-\u00e1ll\u00e1s bejegyz\u00e9sei<\/td>\n<td>Lehet\u0151v\u00e9 teszi a r\u00f6gz\u00edtett kilom\u00e9ter\u00f3ra-\u00e1ll\u00e1sok \u00f6sszehasonl\u00edt\u00e1s\u00e1t a m\u0171szerfalon l\u00e1that\u00f3 \u00e9rt\u00e9kekkel \u00e9s az elad\u00f3 dokumentumokkal.<\/td>\n<\/tr>\n<tr>\n<td>Karbantart\u00e1si igazol\u00e1sok<\/td>\n<td>Ezb\u0151l kider\u00fclhet, hogy elv\u00e9gezt\u00e9k-e a legfontosabb munk\u00e1latokat, p\u00e9ld\u00e1ul a folyad\u00e9kcser\u00e9t, a f\u00e9kmunk\u00e1latokat vagy a vez\u00e9rm\u0171vel kapcsolatos karbantart\u00e1st.<\/td>\n<\/tr>\n<tr>\n<td>Garanci\u00e1ra vonatkoz\u00f3 inform\u00e1ci\u00f3k<\/td>\n<td>Ha az adatk\u00e9szletben el\u00e9rhet\u0151ek a j\u00f3t\u00e1ll\u00e1si esem\u00e9nyekr\u0151l vagy a jav\u00edt\u00e1sokr\u00f3l sz\u00f3l\u00f3 inform\u00e1ci\u00f3k, h\u00e1tt\u00e9rinform\u00e1ci\u00f3kat ny\u00fajthat.<\/td>\n<\/tr>\n<\/tbody>\n<\/table>\n<p><h2>Mi\u00e9rt van sz\u00fcks\u00e9g az import\u00e1lt szem\u00e9lyg\u00e9pkocsik eset\u00e9ben m\u00e1s szint\u0171 ellen\u0151rz\u00e9sre?<\/h2>\n<\/p>\n<p><p>Amikor egy j\u00e1rm\u0171 orsz\u00e1got v\u00e1lt, gyakran a hozz\u00e1 tartoz\u00f3 dokumentumok is v\u00e1ltoznak. A vev\u0151 ford\u00edtott sz\u00e1ml\u00e1kat, hi\u00e1nyos szervizk\u00f6nyvet, helyi \u00e1tvizsg\u00e1l\u00e1si igazol\u00e1st kaphat, vagy a legut\u00f3bbi forgalomba helyez\u00e9sen k\u00edv\u00fcl semmilyen \u00e9rdemi el\u0151\u00e9letet nem kap. Ezek k\u00f6z\u00fcl egyik sem felt\u00e9tlen\u00fcl hamis, de mindegyikhez kontextusra van sz\u00fcks\u00e9g.<\/p>\n<\/p>\n<p><p>A <strong>Eur\u00f3pai import\u00e1lt j\u00e1rm\u0171vek VIN-lek\u00e9rdez\u00e9se<\/strong> Az\u00e9rt hasznos, mert azzal az azonos\u00edt\u00f3val kezd\u0151dik, amelynek a szem\u00e9lyg\u00e9pkocsinak eg\u00e9sz \u00e9lettartama alatt meg kell maradnia. Ez alapot ny\u00fajt a k\u00fcl\u00f6nb\u00f6z\u0151 piacokr\u00f3l sz\u00e1rmaz\u00f3 dokumentumok \u00f6sszehasonl\u00edt\u00e1s\u00e1hoz, ahelyett, hogy kiz\u00e1r\u00f3lag a jelenlegi elad\u00f3 \u00f6sszefoglal\u00f3j\u00e1ra kellene t\u00e1maszkodni.<\/p>\n<\/p>\n<p><p>Ez k\u00fcl\u00f6n\u00f6sen igaz a BMW, MINI, Mercedes-Benz, Audi, Volkswagen, \u0160koda, SEAT, CUPRA, Porsche, Volvo, Ford \u00e9s Toyota importj\u00e1ra. E j\u00e1rm\u0171vek k\u00f6z\u00fcl sokn\u00e1l legal\u00e1bb a modell t\u00f6rt\u00e9net\u00e9nek egy r\u00e9sz\u00e9ben digit\u00e1lis szervizel\u00e9si rendszereket haszn\u00e1ltak. A rendszer lefedetts\u00e9ge azonban elt\u00e9r\u0151. A r\u00e9gebbi j\u00e1rm\u0171vek, a f\u00fcggetlen aut\u00f3szervizekben v\u00e9gzett karbantart\u00e1s, az import\u00e1lt piaci konfigur\u00e1ci\u00f3k, valamint a hi\u00e1nyos adatmegoszt\u00e1s mind korl\u00e1tozhatj\u00e1k a nyilv\u00e1ntart\u00e1sban megjelen\u0151 inform\u00e1ci\u00f3kat.<\/p>\n<\/p>\n<p><h2>Hogyan kell helyesen haszn\u00e1lni az eur\u00f3pai import\u00e1lt j\u00e1rm\u0171vek VIN-keres\u0151j\u00e9t?<\/h2>\n<\/p>\n<p><p>V\u00e9gezze el az \u00e1tvizsg\u00e1l\u00e1st, miel\u0151tt meg\u00e1llapodna a v\u00e1s\u00e1rl\u00e1sr\u00f3l \u2013 ide\u00e1lis esetben m\u00e9g a sz\u00e1ll\u00edt\u00e1s, a forgalomba helyez\u00e9s vagy a finansz\u00edroz\u00e1s megszervez\u00e9se el\u0151tt. K\u00e9rje meg az elad\u00f3t, hogy min\u00e9l hamarabb adja meg a j\u00e1rm\u0171 azonos\u00edt\u00f3 sz\u00e1m\u00e1t (VIN). Egy komoly elad\u00f3 \u00e1ltal\u00e1ban k\u00e9pes ezt megadni, de a j\u00e1rm\u0171 \u00e1tvizsg\u00e1l\u00e1sa sor\u00e1n mindenk\u00e9ppen \u00f6ssze kell hasonl\u00edtania azt a j\u00e1rm\u0171v\u00f6n \u00e9s a dokumentumokban felt\u00fcntetett VIN-sz\u00e1mmal.<\/p>\n<\/p>\n<ol>\n<li><strong>Gy\u0171jtse \u00f6ssze a j\u00e1rm\u0171 VIN-j\u00e9t \u00e9s az ad\u00e1sv\u00e9teli dokumentumokat.<\/strong> Nyilv\u00e1ntartsa a j\u00e1rm\u0171azonos\u00edt\u00f3 sz\u00e1mot (VIN) pontosan \u00fagy, ahogyan l\u00e1that\u00f3. Egyetlen hib\u00e1s karakter is \u00e9rv\u00e9nytelen eredm\u00e9nyt okozhat, vagy egy m\u00e1sik j\u00e1rm\u0171h\u00f6z kapcsol\u00f3dhat.<\/li>\n<li><strong>Tekintse \u00e1t az el\u00e9rhet\u0151 t\u00f6rt\u00e9neti bejegyz\u00e9seket d\u00e1tum szerint rendezve.<\/strong> Ink\u00e1bb a fut\u00e1steljes\u00edtm\u00e9ny, a szervizel\u00e9sek \u00e9s a m\u0171helyi munk\u00e1k logikus sorozat\u00e1t keresse, ahelyett, hogy egyetlen elszigetelt bejegyz\u00e9sre koncentr\u00e1lna.<\/li>\n<li><strong>Hasonl\u00edtsd \u00f6ssze a jelent\u00e9st a hirdet\u00e9ssel!.<\/strong> Ellen\u0151rizze a modell le\u00edr\u00e1s\u00e1t, a fut\u00e1steljes\u00edtm\u00e9nyt, a megadott szervizel\u0151zm\u00e9nyeket \u00e9s a felt\u00fcntetett karbantart\u00e1si munk\u00e1kat.<\/li>\n<li><strong>Tegyen fel c\u00e9lzott, a t\u00e9m\u00e1ra vonatkoz\u00f3 kieg\u00e9sz\u00edt\u0151 k\u00e9rd\u00e9seket.<\/strong> Ha egy nagyobb szerviz el\u0151tt hi\u00e1nyoss\u00e1got \u00e9szlel, k\u00e9rjen sz\u00e1ml\u00e1kat, vagy magyar\u00e1zza el, mi\u00e9rt nem szerepel a munka az el\u00e9rhet\u0151 nyilv\u00e1ntart\u00e1sokban.<\/li>\n<li><strong>A meg\u00e1llap\u00edt\u00e1sokat vegye figyelembe az \u00e1tvizsg\u00e1l\u00e1s sor\u00e1n.<\/strong> A j\u00e1rm\u0171 el\u0151\u00e9lete nem helyettes\u00edti az \u00e1tvizsg\u00e1l\u00e1st, az \u00fatpr\u00f3b\u00e1t, a diagnosztikai vizsg\u00e1latot vagy a j\u00e1rm\u0171 \u00e1llapot\u00e1nak felm\u00e9r\u00e9s\u00e9vel j\u00e1r\u00f3 ellen\u0151rz\u00e9st.<\/li>\n<\/ol>\n<p><p>A VehiclePass-jelent\u00e9s gyakorlatias ellen\u0151rz\u00e9si pontk\u00e9nt szolg\u00e1l a v\u00e1s\u00e1rl\u00e1s el\u0151tt. Az el\u00e9rhet\u0151 digit\u00e1lis szervizel\u0151zm\u00e9nyeket \u00e9s a kapcsol\u00f3d\u00f3 karbantart\u00e1si igazol\u00e1sokat olyan form\u00e1tumban jelen\u00edti meg, amely k\u00f6nnyebben \u00f6sszehasonl\u00edthat\u00f3 az elad\u00f3 dokumentumaival. A jelent\u00e9st az eredeti dokumentumokkal \u00e9s az \u00e1llapotfelm\u00e9r\u00e9ssel egy\u00fctt kell felhaszn\u00e1lni, k\u00fcl\u00f6n\u00f6sen magas v\u00e9tel\u00e1r eset\u00e9n.<\/p>\n<\/p>\n<p><h2>Hogyan \u00e9rtelmezz\u00fck a fut\u00e1steljes\u00edtm\u00e9nyre utal\u00f3 bizony\u00edt\u00e9kokat an\u00e9lk\u00fcl, hogy t\u00fal messzire menn\u00e9nk?<\/h2>\n<\/p>\n<p><p><a href=\"https:\/\/vehiclepass.eu\/hu\/a-kilometerora-csalas-10-jele-amit-erdemes-ellenorizni\/\">Kilom\u00e9ter\u00f3ra-\u00e1ll\u00e1s ellen\u0151rz\u00e9se<\/a> ez az egyik f\u0151 oka annak, hogy a v\u00e1s\u00e1rl\u00f3k k\u00e9rnek egy <strong>Eur\u00f3pai import\u00e1lt j\u00e1rm\u0171vek VIN-lek\u00e9rdez\u00e9se<\/strong>. A r\u00f6gz\u00edtett fut\u00e1steljes\u00edtm\u00e9ny-adatok sorozata seg\u00edthet annak meg\u00e1llap\u00edt\u00e1s\u00e1ban, hogy a jelenlegi kilom\u00e9ter\u00f3ra-\u00e1ll\u00e1s \u00f6sszhangban van-e a j\u00e1rm\u0171 ismert el\u0151\u00e9letevel. P\u00e9ld\u00e1ul egy olyan szem\u00e9lyg\u00e9pkocsival kapcsolatban, amelynek kilom\u00e9ter\u00f3ra-\u00e1ll\u00e1sa jelenleg 68 000 m\u00e9rf\u00f6ld, nem lehetne 92 000 m\u00e9rf\u00f6ldn\u00e9l kor\u00e1bbi m\u0171helybejegyz\u00e9s hiteles, dokument\u00e1lt magyar\u00e1zat n\u00e9lk\u00fcl.<\/p>\n<\/p>\n<p><p>Ennek ellen\u00e9re a hi\u00e1ny nem bizony\u00edtja a fut\u00e1steljes\u00edtm\u00e9ny-hamis\u00edt\u00e1st. Egy hi\u00e1nyz\u00f3 id\u0151szak oka lehet egy f\u00fcggetlen szervizben v\u00e9gzett szervizel\u00e9s, k\u00e9sleltetett adatbevitel, egy m\u00e1sik rendszerben t\u00e1rolt nyilv\u00e1ntart\u00e1s, vagy az, hogy abban az id\u0151szakban nem t\u00f6rt\u00e9nt bejelentett esem\u00e9ny. Az elt\u00e9r\u00e9seket tekints\u00fck vizsg\u00e1lat indokak\u00e9nt, ne pedig v\u00e9gleges \u00edt\u00e9letk\u00e9nt.<\/p>\n<\/p>\n<p><h3>Jelek, amelyeket \u00e9rdemes alaposabban megvizsg\u00e1lni<\/h3>\n<\/p>\n<ul>\n<li>Egy kor\u00e1bbi bejegyz\u00e9sben magasabb kilom\u00e9ter\u00e1ll\u00e1s szerepelt, mint a jelenlegi kilom\u00e9ter\u00f3r\u00e1n.<\/li>\n<li>Olyan szervizintervallumok, amelyek nem egyeznek meg a j\u00e1rm\u0171 felt\u00fcntetett fut\u00e1steljes\u00edtm\u00e9ny\u00e9vel vagy kor\u00e1val.<\/li>\n<li>Egy nemr\u00e9g kicser\u00e9lt szervizk\u00f6nyv, amelyhez nincs sz\u00e1mla.<\/li>\n<li>Azok az \u00e1ll\u00edt\u00e1sok, amelyek szerint a j\u00e1rm\u0171 teljes keresked\u0151i el\u0151\u00e9lete el\u00e9rhet\u0151, de ezek nem egyeznek meg a rendelkez\u00e9sre \u00e1ll\u00f3 digit\u00e1lis nyilv\u00e1ntart\u00e1sokkal.<\/li>\n<li>\u00c1ll\u00edt\u00f3lag befejez\u0151d\u00f6tt egy nagyobb karbantart\u00e1s, de ezt sem sz\u00e1mla, sem nyilv\u00e1ntart\u00e1s, sem ellen\u0151rz\u00e9si bizony\u00edt\u00e9k nem t\u00e1masztja al\u00e1.<\/li>\n<\/ul>\n<p><h2>Digit\u00e1lis szervizel\u0151zm\u00e9nyek hasznosak, de vannak korl\u00e1taik<\/h2>\n<\/p>\n<p><p>A digit\u00e1lis szervizel\u0151zm\u00e9ny m\u00f3dos\u00edt\u00e1sa nehezebb lehet, mint egy \u00fcres pap\u00edralap\u00fa szervizk\u00f6nyv, de ez nem jelent teljes \u00e1llapotjelent\u00e9st. Lehet, hogy felt\u00fcnteti a tervezett szervizel\u00e9s elv\u00e9gz\u00e9s\u00e9t, de nem felt\u00e9tlen\u00fcl tartalmazza az \u00f6sszes jav\u00edt\u00e1st, eszt\u00e9tikai probl\u00e9m\u00e1t, balesetet, m\u00f3dos\u00edt\u00e1st vagy a hivatalos h\u00e1l\u00f3zaton k\u00edv\u00fcl kicser\u00e9lt alkatr\u00e9szt.<\/p>\n<\/p>\n<p><p>Ez\u00e9rt haszn\u00e1ljon egy <strong>Eur\u00f3pai import\u00e1lt j\u00e1rm\u0171vek VIN-lek\u00e9rdez\u00e9se<\/strong> k\u00e9sz\u00edtsen el\u0151 k\u00e9rd\u00e9seket az elad\u00f3 \u00e9s a szak\u00e9rt\u0151 sz\u00e1m\u00e1ra. Ha a nyilv\u00e1ntart\u00e1sokb\u00f3l kider\u00fcl, hogy az aut\u00f3 t\u00f6bbsz\u00f6r is figyelmeztet\u00e9s miatt szervizbe ker\u00fclt, k\u00e9rdezze meg, milyen jav\u00edt\u00e1sokat v\u00e9geztek el. Ha a nyilv\u00e1ntart\u00e1sokb\u00f3l kit\u0171nik, hogy az elad\u00e1s el\u0151tt nem v\u00e9geztek karbantart\u00e1st, vizsg\u00e1lja meg a kop\u00f3 alkatr\u00e9szeket, \u00e9s k\u00e9rjen \u00edr\u00e1sbeli \u00e1raj\u00e1nlatot a sz\u00fcks\u00e9ges munk\u00e1latokra.<\/p>\n<\/p>\n<p><p>A legjobb d\u00f6nt\u00e9s a k\u00f6vetkezetess\u00e9gb\u0151l fakad. A j\u00e1rm\u0171azonos\u00edt\u00f3 sz\u00e1m (VIN), a tulajdonjogi dokumentumok vagy a forgalomba helyez\u00e9s, a szervizel\u00e9st igazol\u00f3 dokumentumok, a m\u0171szerfalon l\u00e1that\u00f3 fut\u00e1steljes\u00edtm\u00e9ny, a j\u00e1rm\u0171 \u00e1llapota \u00e9s az elad\u00f3 magyar\u00e1zata alapvet\u0151en ugyanazt a k\u00e9pet kell, hogy mutass\u00e1k. Ha ez nem \u00edgy van, f\u00fcggessze fel az \u00fcgyletet, am\u00edg az elt\u00e9r\u00e9s nem tiszt\u00e1z\u00f3dik.<\/p>\n<\/p>\n<p><h2>A v\u00e1s\u00e1rl\u00f3k \u00e1ltal az import\u00e1lt j\u00e1rm\u0171vekkel kapcsolatban elk\u00f6vetett gyakori hib\u00e1k<\/h2>\n<\/p>\n<p><p>A legdr\u00e1g\u00e1bb hiba az, ha a VIN-jelent\u00e9st a kell\u0151 gondoss\u00e1g helyettes\u00edt\u0151jek\u00e9nt kezelj\u00fck. A <strong>Eur\u00f3pai import\u00e1lt j\u00e1rm\u0171vek VIN-lek\u00e9rdez\u00e9se<\/strong> d\u00f6nt\u00e9shozatalhoz sz\u00fcks\u00e9ges bizony\u00edt\u00e9kot szolg\u00e1ltathat, de nem k\u00e9pes elv\u00e9gezni az \u00e1tvizsg\u00e1l\u00e1st a fest\u00e9kr\u00e9teg vastags\u00e1g\u00e1val kapcsolatban, minden hibak\u00f3dot felismerni, illetve meger\u0151s\u00edteni, hogy egy nem dokument\u00e1lt jav\u00edt\u00e1st megfelel\u0151en v\u00e9geztek-e el.<\/p>\n<\/p>\n<p><p>El\u0151fordul, hogy a vev\u0151k a szerz\u0151d\u00e9s al\u00e1\u00edr\u00e1sa vagy a vissza nem t\u00e9r\u00edtend\u0151 el\u0151leg befizet\u00e9se ut\u00e1n k\u00e9sz\u00edtenek jelent\u00e9st. Ez felcser\u00e9li a logikus sorrendet. El\u0151sz\u00f6r ellen\u0151rizni kell, azt\u00e1n t\u00e1rgyalni. Ha a jelent\u00e9sb\u0151l kider\u00fcl, hogy hi\u00e1nyos a j\u00e1rm\u0171 el\u0151\u00e9lete vagy van Kilom\u00e9ter\u00f3ra-\u00e1ll\u00e1s elt\u00e9r\u00e9s, a vev\u0151nek tov\u00e1bbra is lehet\u0151s\u00e9ge van dokumentumokat k\u00e9rni, \u00fajrat\u00e1rgyalni az \u00e1rat, f\u00fcggetlen \u00e1tvizsg\u00e1l\u00e1st szervezni, vagy el\u00e1llni az \u00fczlett\u0151l.<\/p>\n<\/p>\n<p><p>A keresked\u00e9sek eset\u00e9ben ugyanez a szab\u00e1ly vonatkozik a k\u00e9szletbe v\u00e9telkor is. Az import\u00e1lt term\u00e9kek felv\u00e9tel el\u0151tti ellen\u0151rz\u00e9se pontosabb le\u00edr\u00e1sokat tesz lehet\u0151v\u00e9, \u00e9s az \u00e9rt\u00e9kes\u00edt\u0151 csapat sz\u00e1m\u00e1ra \u00e1ttekinthet\u0151bb dokument\u00e1ci\u00f3t biztos\u00edt a potenci\u00e1lis v\u00e1s\u00e1rl\u00f3kkal folytatott t\u00e1rgyal\u00e1sokhoz.<\/p>\n<\/p>\n<p><h2>GYIK: Eur\u00f3pai import\u00e1lt j\u00e1rm\u0171vek VIN-lek\u00e9rdez\u00e9se<\/h2>\n<\/p>\n<p><h3>Mi az az eur\u00f3pai import\u00e1lt j\u00e1rm\u0171vek VIN-ellen\u0151rz\u00e9se?<\/h3>\n<p>Az eur\u00f3pai import\u00e1lt j\u00e1rm\u0171vek VIN-lek\u00e9rdez\u00e9se a j\u00e1rm\u0171 VIN-j\u00e9t haszn\u00e1lja fel az import\u00e1lt haszn\u00e1lt j\u00e1rm\u0171vel kapcsolatos azonos\u00edt\u00e1si, digit\u00e1lis szolg\u00e1ltat\u00e1si, karbantart\u00e1si, fut\u00e1steljes\u00edtm\u00e9ny-, aut\u00f3szerviz- \u00e9s j\u00f3t\u00e1ll\u00e1si adatok ellen\u0151rz\u00e9s\u00e9hez.<\/p>\n<\/p>\n<p><h3>Egy eur\u00f3pai import\u00e1lt j\u00e1rm\u0171 VIN-j\u00e9nek lek\u00e9rdez\u00e9se bizony\u00edthatja-e, hogy a fut\u00e1steljes\u00edtm\u00e9ny helyes?<\/h3>\n<p>Nem. Az adatok \u00f6sszehasonl\u00edt\u00e1s c\u00e9lj\u00e1b\u00f3l a r\u00f6gz\u00edtett kilom\u00e9ter\u00e1ll\u00e1sokat mutatj\u00e1k. Az egys\u00e9ges bejegyz\u00e9sek al\u00e1t\u00e1masztj\u00e1k az elad\u00f3 \u00e1ll\u00edt\u00e1s\u00e1t, m\u00edg az egym\u00e1snak ellentmond\u00f3 bejegyz\u00e9sek tov\u00e1bbi vizsg\u00e1latot ig\u00e9nyelnek. A hi\u00e1nyz\u00f3 bejegyz\u00e9sek \u00f6nmagukban nem bizony\u00edtj\u00e1k a kilom\u00e9ter\u00f3ra-csal\u00e1st.<\/p>\n<\/p>\n<p><h3>Minden import\u00e1lt j\u00e1rm\u0171h\u00f6z lesz Digit\u00e1lis szervizel\u0151zm\u00e9nyek?<\/h3>\n<p>Nem. A rendelkez\u00e9sre \u00e1ll\u00e1s a gy\u00e1rt\u00f3t\u00f3l, a gy\u00e1rt\u00e1si \u00e9vt\u0151l, a piact\u00f3l, a szervizh\u00e1l\u00f3zatt\u00f3l, valamint att\u00f3l f\u00fcgg, hogy a karbantart\u00e1si esem\u00e9nyeket digit\u00e1lisan r\u00f6gz\u00edtett\u00e9k-e. A f\u00fcggetlen szerviz eset\u00e9ben a gy\u00e1rt\u00f3i digit\u00e1lis nyilv\u00e1ntart\u00e1sok helyett sz\u00e1ml\u00e1k is el\u00e9gs\u00e9gesek lehetnek.<\/p>\n<\/p>\n<p><h3>Mikor \u00e9rdemes elv\u00e9gezni az eur\u00f3pai import\u00e1lt j\u00e1rm\u0171vek VIN-j\u00e9nek ellen\u0151rz\u00e9s\u00e9t?<\/h3>\n<p>Futtassa le a programot, miel\u0151tt let\u00e9tet fizetne, a sz\u00e1ll\u00edt\u00e1st megszervezn\u00e9 vagy a v\u00e1s\u00e1rl\u00e1st v\u00e9gleges\u00edten\u00e9. \u00cdgy lesz ideje \u00f6sszehasonl\u00edtani az eredm\u00e9nyeket az elad\u00f3 dokumentumokkal, \u00e9s tiszt\u00e1z\u00e1st k\u00e9rni.<\/p>\n<\/p>\n<p><h3>A j\u00e1rm\u0171azonos\u00edt\u00f3-sz\u00e1m (VIN) lek\u00e9rdez\u00e9se helyettes\u00edti-e a v\u00e1s\u00e1rl\u00e1s el\u0151tti \u00e1tvizsg\u00e1l\u00e1st?<\/h3>\n<p>Nem. A j\u00e1rm\u0171azonos\u00edt\u00f3-sz\u00e1m (VIN) lek\u00e9rdez\u00e9se a j\u00e1rm\u0171 el\u0151zm\u00e9nyeinek ellen\u0151rz\u00e9s\u00e9t szolg\u00e1lja. A v\u00e1s\u00e1rl\u00e1s el\u0151tti \u00e1tvizsg\u00e1l\u00e1s pedig a j\u00e1rm\u0171 jelenlegi m\u0171szaki, szerkezeti \u00e9s eszt\u00e9tikai \u00e1llapot\u00e1t \u00e9rt\u00e9keli. Egy import\u00e1lt haszn\u00e1lt szem\u00e9lyg\u00e9pkocsi eset\u00e9ben mindk\u00e9t ellen\u0151rz\u00e9snek megvan a maga k\u00fcl\u00f6n\u00e1ll\u00f3 \u00e9s fontos szerepe.<\/p>\n<\/p>\n<p><p>Miel\u0151tt megv\u00e1s\u00e1rolna egy import\u00e1lt j\u00e1rm\u0171vet, k\u00e9rje el a j\u00e1rm\u0171azonos\u00edt\u00f3 sz\u00e1mot (VIN), ellen\u0151rizze az el\u00e9rhet\u0151 nyilv\u00e1ntart\u00e1si adatokat, \u00e9s k\u00e9rje meg az elad\u00f3t, hogy magyar\u00e1zza el az \u00d6n sz\u00e1m\u00e1ra fontos hi\u00e1nyoss\u00e1gokat. A tiszta el\u0151\u00e9let ugyan nem sz\u00fcnteti meg minden kock\u00e1zatot, de szil\u00e1rdabb alapot ny\u00fajt ahhoz, hogy eld\u00f6ntse, az aut\u00f3 \u00e9s az \u00e1ra hiteles-e.<\/p><\/p>","protected":false},"excerpt":{"rendered":"<p>Haszn\u00e1ljon eur\u00f3pai import\u00e1lt j\u00e1rm\u0171vek VIN-keres\u0151j\u00e9t, hogy biztons\u00e1gosan megv\u00e1s\u00e1rolhassa a haszn\u00e1lt j\u00e1rm\u0171vet, miut\u00e1n \u00e1ttekintette az el\u00e9rhet\u0151 Digit\u00e1lis szervizel\u0151zm\u00e9nyeket, a kilom\u00e9ter\u00f3ra-\u00e1ll\u00e1s adatait \u00e9s a karbantart\u00e1si igazol\u00e1sokat.<\/p>","protected":false},"author":2,"featured_media":3075,"comment_status":"closed","ping_status":"closed","sticky":false,"template":"","format":"standard","meta":{"footnotes":""},"categories":[3],"tags":[],"class_list":["post-3074","post","type-post","status-publish","format-standard","has-post-thumbnail","hentry","category-insights"],"_links":{"self":[{"href":"https:\/\/vehiclepass.eu\/hu\/wp-json\/wp\/v2\/posts\/3074","targetHints":{"allow":["GET"]}}],"collection":[{"href":"https:\/\/vehiclepass.eu\/hu\/wp-json\/wp\/v2\/posts"}],"about":[{"href":"https:\/\/vehiclepass.eu\/hu\/wp-json\/wp\/v2\/types\/post"}],"author":[{"embeddable":true,"href":"https:\/\/vehiclepass.eu\/hu\/wp-json\/wp\/v2\/users\/2"}],"replies":[{"embeddable":true,"href":"https:\/\/vehiclepass.eu\/hu\/wp-json\/wp\/v2\/comments?post=3074"}],"version-history":[{"count":0,"href":"https:\/\/vehiclepass.eu\/hu\/wp-json\/wp\/v2\/posts\/3074\/revisions"}],"wp:featuredmedia":[{"embeddable":true,"href":"https:\/\/vehiclepass.eu\/hu\/wp-json\/wp\/v2\/media\/3075"}],"wp:attachment":[{"href":"https:\/\/vehiclepass.eu\/hu\/wp-json\/wp\/v2\/media?parent=3074"}],"wp:term":[{"taxonomy":"category","embeddable":true,"href":"https:\/\/vehiclepass.eu\/hu\/wp-json\/wp\/v2\/categories?post=3074"},{"taxonomy":"post_tag","embeddable":true,"href":"https:\/\/vehiclepass.eu\/hu\/wp-json\/wp\/v2\/tags?post=3074"}],"curies":[{"name":"wp","href":"https:\/\/api.w.org\/{rel}","templated":true}]}}