{"id":3056,"date":"2026-08-18T12:57:35","date_gmt":"2026-08-18T12:57:35","guid":{"rendered":"https:\/\/vehiclepass.eu\/mini-maintenance-record-guide\/"},"modified":"2026-08-18T12:57:35","modified_gmt":"2026-08-18T12:57:35","slug":"rovid-karbantartasi-nyilvantartas-utmutato","status":"publish","type":"post","link":"https:\/\/vehiclepass.eu\/hu\/mini-maintenance-record-guide\/","title":{"rendered":"\u00datmutat\u00f3 a MINI karbantart\u00e1si nyilv\u00e1ntart\u00e1s\u00e1hoz haszn\u00e1lt szem\u00e9lyg\u00e9pkocsi v\u00e1s\u00e1rl\u00f3k sz\u00e1m\u00e1ra"},"content":{"rendered":"<p>A rendezett szervizk\u00f6nyv alapj\u00e1n egy haszn\u00e1lt MINI megb\u00edzhat\u00f3 v\u00e1s\u00e1rl\u00e1snak t\u0171nhet. Ez azonban \u00f6nmag\u00e1ban nem jelent bizony\u00edt\u00e9kot. Ez a MINI karbantart\u00e1si nyilv\u00e1ntart\u00e1si \u00fatmutat\u00f3 elmagyar\u00e1zza, hogyan lehet \u00e9rt\u00e9kelni az aut\u00f3 szervizel\u00e9s\u00e9re vonatkoz\u00f3 adatokat, felismerni a k\u00e9rd\u00e9seket felvet\u0151 hi\u00e1nyoss\u00e1gokat, valamint \u00f6sszehasonl\u00edtani a nyilv\u00e1ntart\u00e1sokat a fut\u00e1steljes\u00edtm\u00e9nnyel, az \u00e1llapottal \u00e9s a j\u00e1rm\u0171azonos\u00edt\u00f3 sz\u00e1mon (VIN) alapul\u00f3 j\u00e1rm\u0171adatokkal, miel\u0151tt p\u00e9nz cser\u00e9lne gazd\u00e1t.<\/p>\n<p>A MINI-k eset\u00e9ben r\u00e9szletes m\u00e1rkakeresked\u0151i \u00e9s f\u00fcggetlen szervizel\u0151zm\u00e9nyek \u00e1llhatnak rendelkez\u00e9sre, de az el\u00e9rhet\u0151 inform\u00e1ci\u00f3k a modell\u00e9vet\u0151l, a piact\u00f3l, a szervizh\u00e1l\u00f3zatt\u00f3l \u00e9s az el\u0151z\u0151 tulajdonos d\u00f6nt\u00e9seit\u0151l f\u00fcgg\u0151en v\u00e1ltozhatnak. Az el\u0151zm\u00e9nyek lehetnek teljesek, r\u00e9szben digit\u00e1lisak, pap\u00edr alap\u00faak vagy egy\u00e1ltal\u00e1n nem \u00e1llnak rendelkez\u00e9sre. Minden dokumentumot tekintsd egy \u00e1tfog\u00f3bb ellen\u0151rz\u00e9si folyamat r\u00e9szek\u00e9nt.<\/p>\n<h2>Mit kell tartalmaznia egy MINI karbantart\u00e1si nyilv\u00e1ntart\u00e1s\u00e1nak<\/h2>\n<p>Egy hasznos karbantart\u00e1si nyilv\u00e1ntart\u00e1s id\u0151vonalat r\u00f6gz\u00edt. Legal\u00e1bb a szervizel\u00e9s d\u00e1tum\u00e1t, a r\u00f6gz\u00edtett fut\u00e1steljes\u00edtm\u00e9nyt, az elv\u00e9gzett munk\u00e1kat, valamint a munk\u00e1t v\u00e9gz\u0151 m\u0171helyt vagy keresked\u0151t kell tartalmaznia. A r\u00e9szletesebb nyilv\u00e1ntart\u00e1sokban szerepel a sz\u00e1mlasz\u00e1m, a felhaszn\u00e1lt alkatr\u00e9szek, az olaj specifik\u00e1ci\u00f3ja, a vizsg\u00e1lati eredm\u00e9nyek, valamint a gy\u00e1rt\u00f3i kamp\u00e1nyok meger\u0151s\u00edt\u00e9se is.<\/p>\n<p>Ha haszn\u00e1lt MINI-t keresel, ne csak az egyszer\u0171en \u201cszervizel\u00e9s elv\u00e9gzve\u201d felirattal ell\u00e1tott bejegyz\u00e9seket vedd figyelembe. A MINI szervizel\u00e9si \u00fctemtervei sok \u00fajabb modelln\u00e9l az \u00e1llapott\u00f3l f\u00fcggenek, \u00edgy az aut\u00f3 fed\u00e9lzeti szervizrendszere az id\u0151, a fut\u00e1steljes\u00edtm\u00e9ny \u00e9s a haszn\u00e1lat alapj\u00e1n sz\u00e1m\u00edthatja ki a szervizintervallumokat. Ez azt jelenti, hogy k\u00e9t hasonl\u00f3 szem\u00e9lyg\u00e9pkocsinak elt\u00e9r\u0151 szervizel\u00e9si d\u00e1tumai lehetnek an\u00e9lk\u00fcl, hogy b\u00e1rmelyiket is elhanyagolt\u00e1k volna. A legfontosabb k\u00e9rd\u00e9s az, hogy a r\u00f6gz\u00edtett munk\u00e1k \u00f6sszhangban vannak-e a j\u00e1rm\u0171 kor\u00e1val, fut\u00e1steljes\u00edtm\u00e9ny\u00e9vel \u00e9s a karbantart\u00e1si figyelmeztet\u00e9sekkel.<\/p>\n<p>A hiteles dokument\u00e1ci\u00f3 tartalmazhat keresked\u0151i sz\u00e1ml\u00e1kat, f\u00fcggetlen szervizek sz\u00e1ml\u00e1it, digit\u00e1lis szervizbejegyz\u00e9seket, ellen\u0151rz\u00e9si jelent\u00e9seket, valamint a kop\u00f3alkatr\u00e9szekr\u0151l sz\u00f3l\u00f3 nyugt\u00e1kat. A lepecs\u00e9telt karbantart\u00e1si k\u00f6nyv k\u00fcl\u00f6n\u00f6sen a r\u00e9gebbi szem\u00e9lyg\u00e9pkocsik eset\u00e9ben hasznos, de a r\u00e9szleteket nem tartalmaz\u00f3 pecs\u00e9tek kev\u00e9sb\u00e9 meggy\u0151z\u0151ek, mint a t\u00e9teles sz\u00e1ml\u00e1k.<\/p>\n<h2>Digit\u00e1lis szervizel\u0151zm\u00e9nyek kontra pap\u00edralap\u00fa szervizk\u00f6nyv<\/h2>\n<p>Digit\u00e1lis szervizel\u0151zm\u00e9nyek cs\u00f6kkenthetik a k\u00e9zzel \u00edrt b\u00e9lyegek hi\u00e1ny\u00e1nak vagy meghamis\u00edt\u00e1s\u00e1nak kock\u00e1zat\u00e1t, de nem jelentenek univerz\u00e1lis megold\u00e1st. A digit\u00e1lis nyilv\u00e1ntart\u00e1s korl\u00e1tozott lehet, ha egy MINI-t a gy\u00e1rt\u00f3i h\u00e1l\u00f3zat\u00e1n k\u00edv\u00fcl szervizeltek, piacok k\u00f6z\u00f6tt sz\u00e1ll\u00edtott\u00e1k \u00e1t, vagy olyan m\u0171helyben karbantartott\u00e1k, amely nem tov\u00e1bb\u00edtotta a bejegyz\u00e9seket az illet\u00e9kes rendszerbe.<\/p>\n<p>A gyakorlati k\u00fcl\u00f6nbs\u00e9g egy\u00e9rtelm\u0171. A pap\u00edr alap\u00fa szervizk\u00f6nyv azt mutatja, hogy mit pecs\u00e9teltek be a k\u00f6nyvbe. A digit\u00e1lis szervizel\u0151zm\u00e9ny pedig az elektronikus rendszerbe bevitt karbantart\u00e1si esem\u00e9nyeket jelen\u00edtheti meg. Egyik form\u00e1tum sem bizony\u00edtja automatikusan, hogy minden szervizel\u00e9st helyesen v\u00e9geztek el. K\u00e9rje el az alapul szolg\u00e1l\u00f3 sz\u00e1ml\u00e1t, ha jelent\u0151s jav\u00edt\u00e1si t\u00e9telt sz\u00e1molnak fel, k\u00fcl\u00f6n\u00f6sen, ha az nagy fut\u00e1steljes\u00edtm\u00e9ny\u0171 szervizel\u00e9ssel, sebess\u00e9gv\u00e1lt\u00f3-jav\u00edt\u00e1ssal, f\u00e9kekkel, h\u0171t\u0151rendszer-jav\u00edt\u00e1ssal vagy motordiagnosztik\u00e1val kapcsolatos.<\/p>\n<p>Ez a MINI karbantart\u00e1si nyilv\u00e1ntart\u00e1si \u00fatmutat\u00f3 azt javasolja, hogy h\u00e1rom forr\u00e1st hasonl\u00edtson \u00f6ssze: az elad\u00f3 dokumentumait, az el\u00e9rhet\u0151 digit\u00e1lis nyilv\u00e1ntart\u00e1sokat \u00e9s a j\u00e1rm\u0171azonos\u00edt\u00f3 sz\u00e1m (VIN) alapj\u00e1n k\u00e9sz\u00fclt VIN-el\u0151zm\u00e9nyjelent\u00e9st. Ha a d\u00e1tumok \u00e9s a kilom\u00e9ter\u00f3ra-\u00e1ll\u00e1sok megegyeznek ezekben, az n\u00f6veli a bizalmat. Ha elt\u00e9rnek egym\u00e1st\u00f3l, f\u00fcggessze fel a v\u00e1s\u00e1rl\u00e1st, am\u00edg az elad\u00f3 vagy a szerviz meg nem magyar\u00e1zza az ok\u00e1t.<\/p>\n<h2>Miel\u0151tt a r\u00e9szleteket megn\u00e9zn\u00e9d, n\u00e9zd meg az id\u0151vonalat!<\/h2>\n<p>Kezdje a legr\u00e9gebbi el\u00e9rhet\u0151 bejegyz\u00e9ssel, \u00e9s haladjon el\u0151re az id\u0151ben. Egy k\u00f6vetkezetes id\u0151vonalon a fut\u00e1steljes\u00edtm\u00e9nynek fokozatosan kell n\u00f6vekednie, a szervizel\u00e9sek pedig \u00e9sszer\u0171 id\u0151k\u00f6z\u00f6nk\u00e9nt kell, hogy t\u00f6rt\u00e9njenek. Lehetnek jogos kiv\u00e9telek: el\u0151fordulhat, hogy az aut\u00f3t t\u00e1rolt\u00e1k, csak szezon\u00e1lisan haszn\u00e1lt\u00e1k, vagy a tulajdonos nagyon keveset vezette. Ezeknek a magyar\u00e1zatoknak azonban \u00f6sszhangban kell \u00e1llniuk az aut\u00f3 m\u0171szaki \u00e1tvizsg\u00e1l\u00e1si el\u0151zm\u00e9nyeivel, a gumiabroncsok kor\u00e1val, kop\u00e1si \u00e1llapot\u00e1val \u00e9s a dokumentumokkal.<\/p>\n<p>Haszn\u00e1lja ezt az egyszer\u0171 \u00e1ttekint\u00e9si sorrendet:<\/p>\n<ol>\n<li>Ellen\u0151rizze, hogy a sz\u00e1ml\u00e1kon \u00e9s dokumentumokon szerepl\u0151 VIN egyezik-e a j\u00e1rm\u0171 VIN-j\u00e9vel.<\/li>\n<li>Rendezze a d\u00e1tummal ell\u00e1tott szerviz-, \u00e1tvizsg\u00e1l\u00e1si, jav\u00edt\u00e1si \u00e9s gumiabroncs-sz\u00e1ml\u00e1kat a fut\u00e1steljes\u00edtm\u00e9ny szerint.<\/li>\n<li>Jelentsd be minden fut\u00e1steljes\u00edtm\u00e9ny-cs\u00f6kken\u00e9st, szokatlanul nagy ugr\u00e1st vagy hossz\u00fa, megmagyar\u00e1zhatatlan id\u0151szakot.<\/li>\n<li>Ellen\u0151rizze, hogy a bejelentett nagyobb karbantart\u00e1si munk\u00e1khoz rendelkez\u00e9sre \u00e1llnak-e igazol\u00f3 dokumentumok.<\/li>\n<li>Hasonl\u00edtsa \u00f6ssze a nyilv\u00e1ntart\u00e1st a m\u0171szerfalon megjelen\u0151 szerviz\u00fczenetekkel \u00e9s a j\u00e1rm\u0171 fizikai \u00e1llapot\u00e1val.<\/li>\n<\/ol>\n<p>A fut\u00e1steljes\u00edtm\u00e9ny-elt\u00e9r\u00e9sek nem bizony\u00edtj\u00e1k a kilom\u00e9ter\u00f3ra-csal\u00e1st. Ugyanakkor ellen\u0151rz\u00e9si probl\u00e9m\u00e1t jelentenek. Egy \u00f6t \u00e9ves MINI, amelyhez csak egy sz\u00e1mla tartozik, lehet, hogy m\u00e1shol karbantartott\u00e1k, de az is el\u0151fordulhat, hogy a dokumentumai hi\u00e1nyosak. A v\u00e1s\u00e1rl\u00f3knak \u00e9s a keresked\u0151knek ezt a bizonytalans\u00e1got megfelel\u0151en kell figyelembe venni\u00fck az \u00e1rk\u00e9pz\u00e9s sor\u00e1n, ahelyett, hogy a legkedvez\u0151bb magyar\u00e1zatot felt\u00e9telezn\u00e9k.<\/p>\n<h2>A MINI szervizel\u00e9si t\u00e9telei, amelyekre \u00e9rdemes nagyobb figyelmet ford\u00edtani<\/h2>\n<p>A pontos k\u00f6vetelm\u00e9nyek a modellt\u0151l, a motort\u00f3l, a sebess\u00e9gv\u00e1lt\u00f3t\u00f3l, a gy\u00e1rt\u00e1si \u00e9vt\u0151l \u00e9s a haszn\u00e1lati k\u00f6r\u00fclm\u00e9nyekt\u0151l f\u00fcggenek. Ne t\u00e1maszkodjon az online f\u00f3rumokon szerepl\u0151 \u00e1ltal\u00e1nos szervizintervallumokra, hanem olvassa el a haszn\u00e1lati \u00fatmutat\u00f3t \u00e9s a j\u00e1rm\u0171 szervizel\u00e9si \u00fatmutat\u00f3j\u00e1t. Mindazon\u00e1ltal egy MINI karbantart\u00e1si nyilv\u00e1ntart\u00e1s \u00fatmutat\u00f3 seg\u00edthet a v\u00e1s\u00e1rl\u00f3knak abban, hogy felismerj\u00e9k azokat a munk\u00e1latokat, amelyekr\u0151l id\u0151vel nyoma marad.<\/p>\n<p>Az olaj- \u00e9s sz\u0171r\u0151cser\u00e9ket d\u00e1tummal \u00e9s fut\u00e1steljes\u00edtm\u00e9nnyel egy\u00fctt kell dokumentumokban r\u00f6gz\u00edteni. Szerepelhetnek m\u00e9g a f\u00e9kfolyad\u00e9k cser\u00e9je, a f\u00e9kbet\u00e9tek \u00e9s -t\u00e1rcs\u00e1k, a gumiabroncsok, az ablakt\u00f6rl\u0151 lap\u00e1tok, a kabinsz\u0171r\u0151k, a motor l\u00e9gsz\u0171r\u0151i, az \u00e9rintett benzinmotorok gy\u00fajt\u00f3gyerty\u00e1i, valamint a h\u0171t\u0151folyad\u00e9kkal kapcsolatos jav\u00edt\u00e1sok is. A magasabb fut\u00e1steljes\u00edtm\u00e9ny\u0171 p\u00e9ld\u00e1nyok eset\u00e9ben figyelmesen n\u00e9zze \u00e1t a sebess\u00e9gv\u00e1lt\u00f3val, a fut\u00f3m\u0171 alkatr\u00e9szeivel, a motorfelf\u00fcggeszt\u00e9sekkel, adott esetben a vez\u00e9rm\u0171vel kapcsolatos munk\u00e1kkal, valamint a h\u0171t\u0151rendszer jav\u00edt\u00e1saival kapcsolatos nyilv\u00e1ntart\u00e1sokat.<\/p>\n<p>Ne felt\u00e9telezze, hogy egy t\u00e9tel k\u00e9sedelmes, csak mert nem szerepel egy sz\u00e1ml\u00e1n. Lehet, hogy azt egy m\u00e1sik aut\u00f3szerviz v\u00e9gezte el, vagy egy szervizcsomagba foglalt\u00e1k. Ehelyett k\u00e9rje el az elad\u00f3t\u00f3l a teljes sz\u00e1mlak\u00e9szletet, \u00e9s a dr\u00e1g\u00e1bb hi\u00e1nyz\u00f3 t\u00e9telek eset\u00e9ben \u00edr\u00e1sban k\u00e9rjen magyar\u00e1zatot.<\/p>\n<h3>A felt\u00e9telnek \u00f6sszhangban kell lennie a dokument\u00e1ci\u00f3val<\/h3>\n<p>A szerviznyilv\u00e1ntart\u00e1sok hiteless\u00e9ge nagyobb, ha a szem\u00e9lyg\u00e9pkocsi \u00e1llapota \u00f6sszhangban van vel\u00fck. A nemr\u00e9g elv\u00e9gzett f\u00e9kjav\u00edt\u00e1snak \u00f6sszhangban kell lennie a f\u00e9kt\u00e1rcs\u00e1k \u00e9s a f\u00e9kbet\u00e9tek l\u00e1that\u00f3 \u00e1llapot\u00e1val. A nemr\u00e9g cser\u00e9lt gumiabroncsok gy\u00e1rt\u00e1si d\u00e1tumk\u00f3djainak \u00e9s a sz\u00e1mla adataitnak egyezni\u00fck kell. Az \u00e1ll\u00edt\u00f3lag alacsony fut\u00e1steljes\u00edtm\u00e9ny\u0171 szem\u00e9lyg\u00e9pkocsival nem szabad sz\u00e9ls\u0151s\u00e9ges kop\u00e1st mutatnia a korm\u00e1nyon, a ped\u00e1lokon, a vezet\u0151\u00fcl\u00e9sen \u00e9s a kapcsol\u00f3kon, b\u00e1r a norm\u00e1lis elt\u00e9r\u00e9sek term\u00e9szetesen el\u0151fordulhatnak.<\/p>\n<p>A v\u00e1s\u00e1rl\u00e1s el\u0151tti \u00e1tvizsg\u00e1l\u00e1s akkor is fontos, ha a j\u00e1rm\u0171 t\u00f6rt\u00e9nete j\u00f3l dokument\u00e1lt. A nyilv\u00e1ntart\u00e1sokb\u00f3l kider\u00fcl, hogy mit jelentettek be \u00e9s mit jav\u00edtottak ki; az \u00e1tvizsg\u00e1l\u00e1s sor\u00e1n viszont azt \u00e9rt\u00e9kelik, hogy jelenleg mi a helyzet.<\/p>\n<h2>Ellen\u0151rizze a visszah\u00edv\u00e1sokat, a j\u00f3t\u00e1ll\u00e1sokat \u00e9s a szervizl\u00e1togat\u00e1sokat<\/h2>\n<p>A visszah\u00edv\u00e1sok \u00e9s a biztons\u00e1gi kamp\u00e1nyok \u00e1llapot\u00e1t a j\u00e1rm\u0171 azonos\u00edt\u00f3sz\u00e1m (VIN) alapj\u00e1n kell ellen\u0151rizni a gy\u00e1rt\u00f3n\u00e1l vagy az illet\u00e9kes nemzeti hat\u00f3s\u00e1gn\u00e1l. Az Egyes\u00fclt \u00c1llamokban a Nemzeti K\u00f6z\u00fati K\u00f6zleked\u00e9sbiztons\u00e1gi Hivatal (NHTSA) ny\u00fajt inform\u00e1ci\u00f3kat a VIN-alap\u00fa visszah\u00edv\u00e1sokr\u00f3l. Import\u00e1lt j\u00e1rm\u0171vek eset\u00e9ben ellen\u0151rizni kell a j\u00e1rm\u0171 forgalomba helyez\u00e9s orsz\u00e1g\u00e1ban \u00e9s sz\u00e1rmaz\u00e1si orsz\u00e1g\u00e1ban \u00e9rv\u00e9nyes szab\u00e1lyokat \u00e9s adatb\u00e1zisokat.<\/p>\n<p>Egy visszah\u00edv\u00e1si bejegyz\u00e9s \u00f6nmag\u00e1ban nem felt\u00e9tlen\u00fcl indokolja a MINI elutas\u00edt\u00e1s\u00e1t. A megoldatlan biztons\u00e1gi visszah\u00edv\u00e1st azonban \u2013 amennyiben lehets\u00e9ges \u2013 az \u00e1tad\u00e1s el\u0151tt rendezni kell. \u00c9rdemes megk\u00e9rdezni, hogy elv\u00e9gezt\u00e9k-e a jav\u00edt\u00e1st, \u00e9s meg\u0151rizni a jav\u00edt\u00e1sr\u00f3l sz\u00f3l\u00f3 igazol\u00e1st. A j\u00f3t\u00e1ll\u00e1ssal kapcsolatos bejegyz\u00e9sek szint\u00e9n seg\u00edthetnek a kor\u00e1bbi jav\u00edt\u00e1sok magyar\u00e1zat\u00e1ban, de a j\u00f3t\u00e1ll\u00e1si jav\u00edt\u00e1s nem garant\u00e1lja, hogy egy adott hiba k\u00e9s\u0151bb ne jelentkezhetne \u00fajra.<\/p>\n<p>Szervizl\u00e1togat\u00e1sok hasznos h\u00e1tt\u00e9rinform\u00e1ci\u00f3t ny\u00fajtanak. Ha ugyanazon figyelmeztet\u0151 l\u00e1mpa, olajsziv\u00e1rg\u00e1s, ind\u00edt\u00e1si probl\u00e9ma vagy h\u0171t\u00e9si hiba miatt t\u00f6bbsz\u00f6r is visszat\u00e9rnek a j\u00e1rm\u0171vek, az k\u00fcl\u00f6n figyelmet \u00e9rdemel. Egy-egy jav\u00edt\u00e1s lehet rutinelj\u00e1r\u00e1s, de t\u00f6bb hasonl\u00f3 sz\u00e1mla m\u00e1r egy megoldatlan probl\u00e9m\u00e1ra utalhat, m\u00e9g akkor is, ha az egyes sz\u00e1ml\u00e1k \u00f6nmagukban szokv\u00e1nyosnak t\u0171nnek.<\/p>\n<h2>Gyakori figyelmeztet\u0151 jelek a MINI karbantart\u00e1si nyilv\u00e1ntart\u00e1s \u00fatmutat\u00f3j\u00e1ban<\/h2>\n<p>Legyen \u00f3vatos, ha a dokument\u00e1ci\u00f3 szokatlanul rendezett, de hi\u00e1nyos. A nemr\u00e9giben lepecs\u00e9telt szervizk\u00f6nyv sz\u00e1ml\u00e1k n\u00e9lk\u00fcl, az elad\u00e1s el\u0151tt csak r\u00f6viddel kezd\u0151d\u0151 dokument\u00e1ci\u00f3, illetve a k\u00fcl\u00f6nb\u00f6z\u0151 VIN-ek \u00e9s forgalmi rendsz\u00e1mok tartalmaz\u00f3 dokumentumok mind magyar\u00e1zatot ig\u00e9nyelnek. Ugyanez vonatkozik a hossz\u00fa id\u0151szakok alatt v\u00e1ltozatlanul azonos kilom\u00e9ter\u00f3ra-\u00e1ll\u00e1sokra, a hi\u00e1nyz\u00f3 oldalakra, valamint a megadott elad\u00e1si d\u00e1tum ut\u00e1n ki\u00e1ll\u00edtott sz\u00e1ml\u00e1kra is.<\/p>\n<p>Az import\u00e1lt MINI-k eset\u00e9ben tov\u00e1bbi ellen\u0151rz\u00e9sre van sz\u00fcks\u00e9g. El\u0151fordulhat, hogy a szervizel\u0151zm\u00e9nyek m\u00e1s nyelven szerepelnek, elt\u00e9r\u0151 d\u00e1tumform\u00e1tumot haszn\u00e1lnak, vagy a fut\u00e1steljes\u00edtm\u00e9nyt kilom\u00e9terben adj\u00e1k meg. Gondosan sz\u00e1m\u00edtsa \u00e1t a m\u00e9rt\u00e9kegys\u00e9geket, \u00e9s \u0151rizze meg az eredeti dokumentumok m\u00e1solatait. A forgalomba helyez\u00e9s d\u00e1tuma is elt\u00e9rhet az els\u0151 haszn\u00e1lat d\u00e1tum\u00e1t\u00f3l, ez\u00e9rt a j\u00e1rm\u0171azonos\u00edt\u00e1shoz ink\u00e1bb a VIN \u00e9s a gy\u00e1rt\u00f3i adatokat haszn\u00e1lja, ne pedig egyetlen forgalomba helyez\u00e9si okm\u00e1nyra t\u00e1maszkodjon.<\/p>\n<p>Az az elad\u00f3, aki nem tud minden k\u00e9rd\u00e9sre v\u00e1laszolni, nem felt\u00e9tlen\u00fcl titkol valamit. Azonban az az elad\u00f3, aki nem hajland\u00f3 megadni a j\u00e1rm\u0171 azonos\u00edt\u00f3 sz\u00e1m\u00e1t (VIN), elutas\u00edtja a j\u00e1rm\u0171 \u00e1tvizsg\u00e1l\u00e1s\u00e1t, vagy nyom\u00e1st gyakorol r\u00e1d, hogy a dokumentumok \u00e1ttekint\u00e9se n\u00e9lk\u00fcl k\u00f6ss \u00fczletet, komolyabb kock\u00e1zatot jelent.<\/p>\n<h2>Hogyan ad a VIN-ellen\u0151rz\u00e9s tov\u00e1bbi inform\u00e1ci\u00f3kat a karbantart\u00e1si adatokhoz?<\/h2>\n<p>A j\u00e1rm\u0171azonos\u00edt\u00f3-sz\u00e1m (VIN) ellen\u0151rz\u00e9se nem helyettes\u00edti a szem\u00e9lyes szeml\u00e9t vagy a szervizsz\u00e1ml\u00e1kat. Seg\u00edt meg\u00e1llap\u00edtani, hogy a rendelkez\u00e9sre \u00e1ll\u00f3 karbantart\u00e1si \u00e9s fut\u00e1steljes\u00edtm\u00e9ny-adatok val\u00f3ban az elad\u00e1sra k\u00edn\u00e1lt konkr\u00e9t MINI-hez tartoznak-e. Az adott j\u00e1rm\u0171re vonatkoz\u00f3an rendelkez\u00e9sre \u00e1ll\u00f3 adatokt\u00f3l f\u00fcgg\u0151en a jelent\u00e9s tartalmazhat digit\u00e1lis szerv\u00edzt\u00f6rt\u00e9netet, karbantart\u00e1si esem\u00e9nyeket, fut\u00e1steljes\u00edtm\u00e9ny-adatokat, szervizl\u00e1togat\u00e1sokat, j\u00f3t\u00e1ll\u00e1si bejegyz\u00e9seket vagy egy\u00e9b h\u00e1tt\u00e9radatokat.<\/p>\n<p>Ha lehets\u00e9ges, m\u00e9g az aut\u00f3 megtekint\u00e9se el\u0151tt ellen\u0151rizze a j\u00e1rm\u0171 azonos\u00edt\u00f3 sz\u00e1m\u00e1t (VIN). Majd vigye mag\u00e1val a jelent\u00e9st \u00e9s a MINI karbantart\u00e1si nyilv\u00e1ntart\u00e1shoz tartoz\u00f3 k\u00e9rd\u00e9seket a megbesz\u00e9lt tal\u00e1lkoz\u00f3ra. Hasonl\u00edtsa \u00f6ssze a jelent\u00e9sben szerepl\u0151 fut\u00e1steljes\u00edtm\u00e9ny-adatokat a m\u0171szerfalon l\u00e1that\u00f3 \u00e9rt\u00e9kekkel, a sz\u00e1ml\u00e1kkal, a m\u0171szaki \u00e1tvizsg\u00e1l\u00e1s-tan\u00fas\u00edtv\u00e1nyokkal \u00e9s az elad\u00f3 le\u00edr\u00e1s\u00e1val. B\u00e1rmilyen elt\u00e9r\u00e9st tiszt\u00e1zni kell, miel\u0151tt al\u00e1\u00edrn\u00e1 a v\u00e9teli szerz\u0151d\u00e9st vagy elfogadn\u00e1 a besz\u00e1m\u00edt\u00e1st.<\/p>\n<p>A VehiclePass VIN-alap\u00fa j\u00e1rm\u0171ellen\u0151rz\u00e9st k\u00edn\u00e1l, amelynek c\u00e9lja, hogy seg\u00edtse a v\u00e1s\u00e1rl\u00f3kat, import\u0151r\u00f6ket \u00e9s keresked\u0151ket a rendelkez\u00e9sre \u00e1ll\u00f3 szerviz- \u00e9s j\u00e1rm\u0171el\u0151zm\u00e9ny-adatok \u00e1ttekint\u00e9s\u00e9ben a v\u00e1s\u00e1rl\u00e1s el\u0151tt. Az eredm\u00e9nyek az adott j\u00e1rm\u0171re vonatkoz\u00f3an el\u00e9rhet\u0151 nyilv\u00e1ntart\u00e1sokt\u00f3l f\u00fcggenek, ez\u00e9rt egy hi\u00e1nyz\u00f3 bejegyz\u00e9st hi\u00e1nyz\u00f3 bizony\u00edt\u00e9kk\u00e9nt kell kezelni, nem pedig annak bizony\u00edt\u00e9kak\u00e9nt, hogy az esem\u00e9ny nem t\u00f6rt\u00e9nt meg.<\/p>\n<h2>Miel\u0151tt a MINI mellett d\u00f6ntene<\/h2>\n<p>A legjobb haszn\u00e1lt MINI-v\u00e1s\u00e1rl\u00e1s m\u00f6g\u00f6tt egy koherens t\u00f6rt\u00e9net \u00e1ll: a j\u00e1rm\u0171azonos\u00edt\u00f3 sz\u00e1m (VIN) egyezik, a fut\u00e1steljes\u00edtm\u00e9ny logikusan n\u00f6vekszik, a szervizel\u00e9sek dokument\u00e1lva vannak, a j\u00e1rm\u0171 \u00e1llapota megfelel a nyilv\u00e1ntart\u00e1snak, \u00e9s egy f\u00fcggetlen \u00e1tvizsg\u00e1l\u00e1s nem t\u00e1r fel megmagyar\u00e1zhatatlan probl\u00e9m\u00e1kat. Ez a MINI karbantart\u00e1si nyilv\u00e1ntart\u00e1si \u00fatmutat\u00f3 nem helyettes\u00edti a saj\u00e1t \u00edt\u00e9l\u0151k\u00e9pess\u00e9get. Csak egy m\u00f3dszer arra, hogy ezt az \u00edt\u00e9letet jobb bizony\u00edt\u00e9kok alapj\u00e1n \u00e9s kevesebb felt\u00e9telez\u00e9ssel hozzuk meg.<\/p>\n<h2>GYIK<\/h2>\n<h3>Mit tartalmaz a MINI karbantart\u00e1si nyilv\u00e1ntart\u00e1s?<\/h3>\n<p>A MINI karbantart\u00e1si nyilv\u00e1ntart\u00e1s tartalmazhatja a szervizel\u00e9si id\u0151pontokat, a megtett kilom\u00e9tereket, a tervezett karbantart\u00e1sokat, a jav\u00edt\u00e1sokat, a m\u0171szaki vizsga eredm\u00e9nyeit, az alkatr\u00e9szsz\u00e1ml\u00e1kat, a keresked\u0151i bejegyz\u00e9seket, valamint a rendelkez\u00e9sre \u00e1ll\u00f3 digit\u00e1lis szervizel\u0151zm\u00e9ny-adatokat. A pontos tartalom j\u00e1rm\u0171t\u0151l \u00e9s szervizt\u0151l f\u00fcgg\u0151en v\u00e1ltozhat.<\/p>\n<h3>Bizony\u00edthatja-e a MINI karbantart\u00e1si nyilv\u00e1ntart\u00e1sa, hogy a fut\u00e1steljes\u00edtm\u00e9ny val\u00f3s?<\/h3>\n<p>Nem. A karbantart\u00e1si id\u0151vonal al\u00e1t\u00e1maszthatja a fut\u00e1steljes\u00edtm\u00e9ny-becsl\u00e9st, ha az adatok logikusan alakulnak, de ezt \u00f6ssze kell vetni a VIN-alap\u00fa j\u00e1rm\u0171adatokkal, a m\u0171szaki \u00e1tvizsg\u00e1l\u00e1s nyilv\u00e1ntart\u00e1s\u00e1val, a j\u00e1rm\u0171 \u00e1llapot\u00e1val \u00e9s az egy\u00e9b el\u00e9rhet\u0151 dokumentumokkal.<\/p>\n<h3>Jobb-e a digit\u00e1lis MINI karbantart\u00e1si nyilv\u00e1ntart\u00e1s, mint a b\u00e9lyegzett szervizk\u00f6nyv?<\/h3>\n<p>Digit\u00e1lis nyilv\u00e1ntart\u00e1sok k\u00f6nnyebben nyomon k\u00f6vethet\u0151ek, m\u00edg a pecs\u00e9tes k\u00f6nyv r\u00e9gebbi j\u00e1rm\u0171vek eset\u00e9ben lehet hasznos. Egyik sem elegend\u0151 \u00f6nmag\u00e1ban. A t\u00e9teles sz\u00e1ml\u00e1k \u00e9s a k\u00f6vetkezetes fut\u00e1steljes\u00edtm\u00e9ny-igazol\u00e1sok meggy\u0151z\u0151bbek, mint b\u00e1rmelyik form\u00e1tum \u00f6nmag\u00e1ban.<\/p>\n<h3>Mit tegyek, ha hi\u00e1nyzik egy bejegyz\u00e9s a MINI karbantart\u00e1si nyilv\u00e1ntart\u00e1s\u00e1b\u00f3l?<\/h3>\n<p>K\u00e9rjen sz\u00e1ml\u00e1kat, az aut\u00f3szerviz el\u00e9rhet\u0151s\u00e9geit, a vizsg\u00e1lati tan\u00fas\u00edtv\u00e1nyokat, valamint magyar\u00e1zatot az elt\u00e9r\u00e9sre. Ha a bizony\u00edt\u00e9kok nem ellen\u0151rz\u00f6ttek, szervezzen meg egy v\u00e1s\u00e1rl\u00e1s el\u0151tti \u00e1tvizsg\u00e1l\u00e1st, \u00e9s vegye figyelembe a bizonytalans\u00e1got a v\u00e1s\u00e1rl\u00e1si d\u00f6nt\u00e9s\u00e9ben.<\/p>\n<h3>A VIN-ellen\u0151rz\u00e9s r\u00e9v\u00e9n meg lehet-e \u00e1llap\u00edtani a MINI szervizel\u0151zm\u00e9nyeket?<\/h3>\n<p>A j\u00e1rm\u0171azonos\u00edt\u00f3-sz\u00e1m (VIN) ellen\u0151rz\u00e9se sor\u00e1n megjelenhetnek a rendelkez\u00e9sre \u00e1ll\u00f3 digit\u00e1lis szervizel\u0151zm\u00e9nyek, karbantart\u00e1si nyilv\u00e1ntart\u00e1sok, kilom\u00e9ter\u00f3ra-\u00e1ll\u00e1s-adatok, szervizl\u00e1togat\u00e1sok vagy garanci\u00e1lis bejegyz\u00e9sek. A rendelkez\u00e9sre \u00e1ll\u00e1s az adott j\u00e1rm\u0171t\u0151l, annak piac\u00e1t\u00f3l, valamint az arr\u00f3l adatokat t\u00e1rol\u00f3 forr\u00e1sokt\u00f3l f\u00fcgg.<\/p>","protected":false},"excerpt":{"rendered":"<p>Haszn\u00e1lja ezt a MINI karbantart\u00e1si nyilv\u00e1ntart\u00e1si \u00fatmutat\u00f3t, hogy \u00e1ttekintse a digit\u00e1lis szervizel\u0151zm\u00e9nyeket, a fut\u00e1steljes\u00edtm\u00e9nyt, a visszah\u00edv\u00e1sokat \u00e9s a szervizel\u00e9st igazol\u00f3 dokumentumokat, miel\u0151tt magabiztosan v\u00e1s\u00e1rolna egy haszn\u00e1lt MINI-t.<\/p>","protected":false},"author":2,"featured_media":3057,"comment_status":"closed","ping_status":"closed","sticky":false,"template":"","format":"standard","meta":{"footnotes":""},"categories":[3],"tags":[],"class_list":["post-3056","post","type-post","status-publish","format-standard","has-post-thumbnail","hentry","category-insights"],"_links":{"self":[{"href":"https:\/\/vehiclepass.eu\/hu\/wp-json\/wp\/v2\/posts\/3056","targetHints":{"allow":["GET"]}}],"collection":[{"href":"https:\/\/vehiclepass.eu\/hu\/wp-json\/wp\/v2\/posts"}],"about":[{"href":"https:\/\/vehiclepass.eu\/hu\/wp-json\/wp\/v2\/types\/post"}],"author":[{"embeddable":true,"href":"https:\/\/vehiclepass.eu\/hu\/wp-json\/wp\/v2\/users\/2"}],"replies":[{"embeddable":true,"href":"https:\/\/vehiclepass.eu\/hu\/wp-json\/wp\/v2\/comments?post=3056"}],"version-history":[{"count":0,"href":"https:\/\/vehiclepass.eu\/hu\/wp-json\/wp\/v2\/posts\/3056\/revisions"}],"wp:featuredmedia":[{"embeddable":true,"href":"https:\/\/vehiclepass.eu\/hu\/wp-json\/wp\/v2\/media\/3057"}],"wp:attachment":[{"href":"https:\/\/vehiclepass.eu\/hu\/wp-json\/wp\/v2\/media?parent=3056"}],"wp:term":[{"taxonomy":"category","embeddable":true,"href":"https:\/\/vehiclepass.eu\/hu\/wp-json\/wp\/v2\/categories?post=3056"},{"taxonomy":"post_tag","embeddable":true,"href":"https:\/\/vehiclepass.eu\/hu\/wp-json\/wp\/v2\/tags?post=3056"}],"curies":[{"name":"wp","href":"https:\/\/api.w.org\/{rel}","templated":true}]}}