{"id":3052,"date":"2026-08-15T05:49:07","date_gmt":"2026-08-15T05:49:07","guid":{"rendered":"https:\/\/vehiclepass.eu\/bmw-warranty-history-guide\/"},"modified":"2026-08-15T05:49:07","modified_gmt":"2026-08-15T05:49:07","slug":"utmutato-a-bmw-garancialis-elozmenyeirol","status":"publish","type":"post","link":"https:\/\/vehiclepass.eu\/hu\/bmw-warranty-history-guide\/","title":{"rendered":"\u00datmutat\u00f3 a BMW garanci\u00e1lis el\u0151zm\u00e9nyekhez haszn\u00e1lt szem\u00e9lyg\u00e9pkocsik v\u00e1s\u00e1rl\u00f3k sz\u00e1m\u00e1ra"},"content":{"rendered":"<p><h2>Mi\u00e9rt fontos a garanci\u00e1lis el\u0151\u00e9let ismerete egy haszn\u00e1lt BMW v\u00e1s\u00e1rl\u00e1sa el\u0151tt?<\/h2>\n<p>Egy haszn\u00e1lt BMW l\u00e1tsz\u00f3lag j\u00f3l karbantartottnak t\u0171nhet, mik\u00f6zben a m\u00faltj\u00e1ban m\u00e9gis komoly hi\u00e1nyoss\u00e1gok rejlenek: kihagyott jav\u00edt\u00e1s-program, ism\u00e9telt figyelmeztet\u0151 l\u00e1mpa-jelz\u00e9sek miatti szervizl\u00e1togat\u00e1sok, k\u00f6vetkezetlen fut\u00e1steljes\u00edtm\u00e9ny, vagy egy\u00e9rtelm\u0171 dokument\u00e1ci\u00f3 n\u00e9lk\u00fcl elv\u00e9gzett nagyobb jav\u00edt\u00e1sok. Ez <strong>\u00datmutat\u00f3 a BMW garanci\u00e1lis el\u0151\u00e9lethez<\/strong> elmagyar\u00e1zza, hogy mit \u00e1rulnak el a garanci\u00e1lis nyilv\u00e1ntart\u00e1sok, mit nem tudnak bizony\u00edtani, \u00e9s hogyan kell ellen\u0151rizni a j\u00e1rm\u0171vet, miel\u0151tt a p\u00e9nz \u00e1tad\u00e1sra ker\u00fclne.<\/p>\n<p>Egy mag\u00e1nv\u00e1s\u00e1rl\u00f3 sz\u00e1m\u00e1ra a garanci\u00e1lis el\u0151zm\u00e9nyek seg\u00edthetnek megk\u00fcl\u00f6nb\u00f6ztetni az egyszeri jav\u00edt\u00e1st a visszat\u00e9r\u0151 probl\u00e9m\u00e1t\u00f3l. Egy keresked\u0151, viszontelad\u00f3 vagy import\u0151r sz\u00e1m\u00e1ra ez az \u00e9rt\u00e9kel\u00e9s \u00e9s a k\u00e9szletfelv\u00e9tel gyakorlati r\u00e9sze. A c\u00e9l nem az, hogy minden j\u00f3t\u00e1ll\u00e1si ig\u00e9nyt negat\u00edvnak tekints\u00fcnk, hanem az, hogy a j\u00e1rm\u0171 \u00e1llapot\u00e1t, fut\u00e1steljes\u00edtm\u00e9ny\u00e9t, szerviznyilv\u00e1ntart\u00e1sait \u00e9s az elad\u00f3 nyilatkozatait \u00f6sszevetj\u00fck a dokument\u00e1lt bizony\u00edt\u00e9kokkal.<\/p>\n<\/p>\n<p><h2>Mit tartalmazhat a BMW garanci\u00e1lis el\u0151zm\u00e9nyei<\/h2>\n<p>A BMW garanci\u00e1lis el\u0151zm\u00e9nyek \u00e1ltal\u00e1ban azokat a munk\u00e1kat jelenti, amelyeket akkor r\u00f6gz\u00edtettek, amikor a j\u00e1rm\u0171re gy\u00e1rt\u00f3i garancia, j\u00f3v\u00e1hagyott kiterjesztett garancia vagy j\u00f3sz\u00e1nd\u00e9k\u00fa meg\u00e1llapod\u00e1s vonatkozott. A j\u00e1rm\u0171t\u0151l, a piact\u00f3l, a szervizt\u0151l \u00e9s az el\u00e9rhet\u0151 adatforr\u00e1st\u00f3l f\u00fcgg\u0151en egy bejegyz\u00e9s tartalmazhatja a jav\u00edt\u00e1s d\u00e1tum\u00e1t, a kilom\u00e9ter\u00f3ra-\u00e1ll\u00e1st, a jav\u00edt\u00e1s le\u00edr\u00e1s\u00e1t, a v\u00e9gzett munk\u00e1latokat, a kicser\u00e9lt alkatr\u00e9szeket vagy a keresked\u0151n\u00e9l tett l\u00e1togat\u00e1st.<\/p>\n<p>El\u00e9rhet\u0151 inform\u00e1ci\u00f3k mennyis\u00e9ge v\u00e1ltoz\u00f3. A r\u00e9gebbi j\u00e1rm\u0171vekn\u00e9l el\u0151fordulhat, hogy van egy pecs\u00e9telt szervizf\u00fczet \u00e9s keresked\u0151i sz\u00e1ml\u00e1k. Az \u00fajabb BMW-k eset\u00e9ben el\u0151fordulhat, hogy a szervizsz\u00e1ml\u00e1k \u00e9s a gy\u00e1rt\u00f3i h\u00e1l\u00f3zati adatok mellett bejegyz\u00e9sek szerepelnek a Digit\u00e1lis szervizel\u0151zm\u00e9nyben (Digit\u00e1lis szervizel\u0151zm\u00e9ny, gyakran DSR n\u00e9ven emlegetett). A digit\u00e1lis bejegyz\u00e9s hasznos, de azt is a kontextusban kell \u00e9rt\u00e9kelni. Meger\u0151s\u00edtheti, hogy a szervizl\u00e1togat\u00e1s megt\u00f6rt\u00e9nt, an\u00e9lk\u00fcl, hogy minden diagnosztikai eredm\u00e9nyt vagy minden olyan t\u00e9telt r\u00e9szletezne, amely\u00e9rt a tulajdonos mag\u00e1n\u00faton fizetett.<\/p>\n<p>A <strong>\u00datmutat\u00f3 a BMW garanci\u00e1lis el\u0151\u00e9lethez<\/strong> ez\u00e9rt h\u00e1rom egym\u00e1ssal \u00f6sszef\u00fcgg\u0151, de k\u00fcl\u00f6nb\u00f6z\u0151 nyilv\u00e1ntart\u00e1st kell elk\u00fcl\u00f6n\u00edtenie:<\/p>\n<ul>\n<li><strong>Rendszeres szervizel\u0151zm\u00e9nyek<\/strong> az olyan rendszeres karbantart\u00e1si munk\u00e1kat mutatja be, mint az olajszerviz, az \u00e1tvizsg\u00e1l\u00e1sok, a f\u00e9kfolyad\u00e9k-csere \u00e9s a j\u00e1rm\u0171ellen\u0151rz\u00e9sek.<\/li>\n<li><strong>Garanci\u00e1lis jav\u00edt\u00e1si el\u0151zm\u00e9nyek<\/strong> tartalmazhat olyan hib\u00e1kat, amelyek jav\u00edt\u00e1sa garancia, visszah\u00edv\u00e1s, jav\u00edt\u00e1si kamp\u00e1ny vagy j\u00f3indulatb\u00f3l v\u00e9gzett, j\u00f3v\u00e1hagyott jav\u00edt\u00e1s keret\u00e9ben t\u00f6rt\u00e9nt.<\/li>\n<li><strong>F\u00fcggetlen jav\u00edt\u00e1si igazol\u00e1s<\/strong> ide tartoznak a gy\u00e1rt\u00f3i h\u00e1l\u00f3zaton k\u00edv\u00fcli aut\u00f3szervizekb\u0151l sz\u00e1rmaz\u00f3 sz\u00e1ml\u00e1k \u00e9s nyilv\u00e1ntart\u00e1sok is.<\/li>\n<\/ul>\n<p>Ezen forr\u00e1sok egyike sem ad \u00f6nmag\u00e1ban teljes k\u00e9pet a tulajdonosi el\u0151zm\u00e9nyekr\u0151l. Egy\u00fcttesen azonban sokkal szil\u00e1rdabb alapot ny\u00fajtanak annak eld\u00f6nt\u00e9s\u00e9hez, hogy a szem\u00e9lyg\u00e9pkocsi adatai pontosan szerepelnek-e.<\/p>\n<\/p>\n<p><h2>Mit \u00e1rulhat el egy j\u00f3t\u00e1ll\u00e1si bejegyz\u00e9s<\/h2>\n<p>Egy garanci\u00e1lis bejegyz\u00e9s nem felt\u00e9tlen\u00fcl jelenti azt, hogy az szem\u00e9lyg\u00e9pkocsit el kell utas\u00edtani. Sok esetben ez azt jelzi, hogy egy probl\u00e9m\u00e1t azonos\u00edtottak \u00e9s dokument\u00e1lt elj\u00e1r\u00e1s keret\u00e9ben jav\u00edtottak. A legfontosabb k\u00e9rd\u00e9s az, hogy a bejegyz\u00e9s \u00f6sszhangban \u00e1ll-e a j\u00e1rm\u0171 kor\u00e1val, fut\u00e1steljes\u00edtm\u00e9ny\u00e9vel \u00e9s jelenlegi \u00e1llapot\u00e1val.<\/p>\n<table>\n<thead>\n<tr>\n<th>Mint\u00e1zati rekord<\/th>\n<th>Mit jelezhet ez?<\/th>\n<th>Mit kell ellen\u0151rizni ezut\u00e1n?<\/th>\n<\/tr>\n<\/thead>\n<tbody>\n<tr>\n<td>Egy dokument\u00e1lt alkatr\u00e9szcsere<\/td>\n<td>Egy kijav\u00edtott hiba vagy a term\u00e9k \u00e9lettartam\u00e1nak korai szakasz\u00e1ban v\u00e9gzett szok\u00e1sos jav\u00edt\u00e1s<\/td>\n<td>K\u00e9rje el a sz\u00e1ml\u00e1t, \u00e9s v\u00e9gezzen \u00e1tvizsg\u00e1l\u00e1st a rendszer jelenlegi m\u0171k\u00f6d\u00e9s\u00e9r\u0151l<\/td>\n<\/tr>\n<tr>\n<td>Ugyanazon probl\u00e9ma miatt t\u00f6rt\u00e9n\u0151 ism\u00e9telt l\u00e1togat\u00e1sok<\/td>\n<td>Megoldatlan probl\u00e9ma, id\u0151szakosan jelentkez\u0151 hiba vagy ism\u00e9tl\u0151d\u0151 diagn\u00f3zis<\/td>\n<td>Jav\u00edt\u00e1s r\u00e9szletek k\u00e9r\u00e9se \u00e9s v\u00e1s\u00e1rl\u00e1s el\u0151tti \u00e1tvizsg\u00e1l\u00e1s megszervez\u00e9se<\/td>\n<\/tr>\n<tr>\n<td>A j\u00f3t\u00e1ll\u00e1si jav\u00edt\u00e1sok sor\u00e1n m\u00e9rt fut\u00e1steljes\u00edtm\u00e9ny nem egyezik meg a t\u00f6bbi nyilv\u00e1ntart\u00e1ssal<\/td>\n<td>Lehets\u00e9ges adatbeviteli hiba vagy a fut\u00e1steljes\u00edtm\u00e9nysel kapcsolatos agg\u00e1lyok<\/td>\n<td>Az \u00f6sszes el\u00e9rhet\u0151 bejegyz\u00e9s d\u00e1tumainak \u00e9s fut\u00e1steljes\u00edtm\u00e9ny\u00e9nek \u00f6sszehasonl\u00edt\u00e1sa<\/td>\n<\/tr>\n<tr>\n<td>Hossz\u00fa sz\u00fcnet a rendszeres keresked\u0151i l\u00e1togat\u00e1sok ut\u00e1n<\/td>\n<td>F\u00fcggetlen szerviz, haszn\u00e1lat hi\u00e1nya vagy hi\u00e1nyz\u00f3 dokumentumok<\/td>\n<td>K\u00e9rje el a sz\u00e1ml\u00e1kat, \u00e9s ellen\u0151rizze a karbantart\u00e1si intervallumokat<\/td>\n<\/tr>\n<\/tbody>\n<\/table>\n<p>Ford\u00edtson k\u00fcl\u00f6n\u00f6s figyelmet azokra a le\u00edr\u00e1sokra, amelyek t\u00f6bb id\u0151pontban is visszat\u00e9rnek. Egy ism\u00e9tl\u0151d\u0151 hajt\u00e1sl\u00e1nc-figyelmeztet\u00e9s, h\u0171t\u0151rendszerrel kapcsolatos probl\u00e9ma, t\u00f6lt\u00e9si hiba vagy elektronikai probl\u00e9ma alaposabb kivizsg\u00e1l\u00e1st ig\u00e9nyel, mint egy kop\u00e1s miatt kicser\u00e9lt alkatr\u00e9sz egyszeri cser\u00e9je. A helyes \u00e9rtelmez\u00e9s a konkr\u00e9t jav\u00edt\u00e1st\u00f3l f\u00fcgg, nem pedig egy modellre vonatkoz\u00f3 \u00e1ltal\u00e1nos felt\u00e9telez\u00e9st\u0151l.<\/p>\n<\/p>\n<p><h2>Hogyan lehet ellen\u0151rizni a BMW garanci\u00e1lis el\u0151zm\u00e9nyeit a j\u00e1rm\u0171azonos\u00edt\u00f3 sz\u00e1m (VIN) seg\u00edts\u00e9g\u00e9vel<\/h2>\n<p>A j\u00e1rm\u0171azonos\u00edt\u00f3 sz\u00e1m (VIN) k\u00e9pezi a megb\u00edzhat\u00f3 ellen\u0151rz\u00e9s kiindul\u00f3pontj\u00e1t. Ellen\u0151rizze a VIN-sz\u00e1mot a m\u0171szerfalon, az ajt\u00f3 k\u00f6zel\u00e9ben tal\u00e1lhat\u00f3 c\u00edmk\u00e9n, a forgalmi okm\u00e1nyokban \u00e9s az esetleges szervizdokumentumokban. Minden karakternek egyeznie kell. Ne t\u00e1maszkodjon kiz\u00e1r\u00f3lag a hirdet\u00e9sben felt\u00fcntetett vagy az elad\u00f3 \u00e1ltal \u00fczenetben elk\u00fcld\u00f6tt VIN-sz\u00e1mra.<\/p>\n<p>Haszn\u00e1ld ezt <strong>\u00datmutat\u00f3 a BMW garanci\u00e1lis el\u0151\u00e9lethez<\/strong> a j\u00e1rm\u0171 megtekint\u00e9se vagy megv\u00e1s\u00e1rl\u00e1sa el\u0151tti gyakorlati teend\u0151lista.<\/p>\n<ol>\n<li><strong>\u00cdrja le a teljes VIN-t.<\/strong> Az a elad\u00f3, aki komolyan veszi az \u00e1tl\u00e1that\u00f3 \u00e9rt\u00e9kes\u00edt\u00e9st, \u00e1ltal\u00e1ban k\u00e9pesnek kell lennie arra, hogy ezt a dokumentumot a kor\u00e1bbi tranzakci\u00f3k ellen\u0151rz\u00e9se c\u00e9lj\u00e1b\u00f3l rendelkez\u00e9sre bocs\u00e1ssa.<\/li>\n<li><strong>Tekintse \u00e1t az el\u00e9rhet\u0151 digit\u00e1lis szerviz- \u00e9s karbantart\u00e1si adatokat.<\/strong> Keresse meg a m\u0171helybeviteli id\u0151pontokat, a Kilom\u00e9ter\u00f3ra-\u00e1ll\u00e1sokat, a szervizel\u00e9si le\u00edr\u00e1sokat, a j\u00f3t\u00e1ll\u00e1si bejegyz\u00e9seket \u00e9s az esetleges hi\u00e1nyoss\u00e1gokat.<\/li>\n<li><strong>Hasonl\u00edtsa \u00f6ssze a nyilv\u00e1ntart\u00e1sokat a vez\u00e9rl\u0151pulton.<\/strong> A jelenlegi kilom\u00e9ter\u00f3ra-\u00e1ll\u00e1snak hitelesen kell k\u00f6vetnie a kor\u00e1bban dokument\u00e1lt fut\u00e1steljes\u00edtm\u00e9ny-\u00e1ll\u00e1s alakul\u00e1s\u00e1t.<\/li>\n<li><strong>Olvassa el az elad\u00f3 sz\u00e1ml\u00e1it \u00e9s a szervizk\u00f6nyvet.<\/strong> Ellen\u0151rizze, hogy azok al\u00e1t\u00e1masztj\u00e1k-e a digit\u00e1lis nyilv\u00e1ntart\u00e1st, \u00e9s nem \u00e1llnak-e ellent\u00e9tben vele.<\/li>\n<li><strong>K\u00e9rje meg egy hivatalos BMW keresked\u0151t, hogy ellen\u0151rizze a m\u00e9g elv\u00e9gzend\u0151 teend\u0151ket.<\/strong> A visszah\u00edv\u00e1s vagy a m\u0171szaki kamp\u00e1ny \u00e1llapota miatt el\u0151fordulhat, hogy egy hivatalos keresked\u0151nek a j\u00e1rm\u0171 azonos\u00edt\u00f3sz\u00e1ma (VIN) alapj\u00e1n ellen\u0151riznie kell az aktu\u00e1lis jogosults\u00e1got.<\/li>\n<li><strong>\u00c1tvizsg\u00e1lja a j\u00e1rm\u0171vet saj\u00e1t maga.<\/strong> A j\u00e1rm\u0171elemz\u00e9s alapj\u00e1ul a j\u00e1rm\u0171el\u0151\u00e9let-jelent\u00e9s szolg\u00e1l; ez azonban nem helyettes\u00edti az \u00fatpr\u00f3b\u00e1t, a diagnosztikai vizsg\u00e1latot vagy a szak\u00e9rt\u0151i \u00e9rt\u00e9kel\u00e9st.<\/li>\n<\/ol>\n<p>A VehiclePass seg\u00edts\u00e9g\u00e9vel a v\u00e1s\u00e1rl\u00f3k \u00e9s a szakemberek VIN-alap\u00fa j\u00e1rm\u0171ellen\u0151rz\u00e9st k\u00e9rhetnek, amely tartalmazhatja a rendelkez\u00e9sre \u00e1ll\u00f3 digit\u00e1lis szervizel\u0151zm\u00e9nyeket, a szervizl\u00e1togat\u00e1sokat, a fut\u00e1steljes\u00edtm\u00e9ny-adatokat, a karbantart\u00e1si nyilv\u00e1ntart\u00e1sokat \u00e9s a j\u00f3t\u00e1ll\u00e1ssal kapcsolatos bejegyz\u00e9seket. A rendelkez\u00e9sre \u00e1ll\u00f3 inform\u00e1ci\u00f3k az adott j\u00e1rm\u0171t\u0151l \u00e9s az adott VIN-sz\u00e1mhoz hozz\u00e1f\u00e9rhet\u0151 nyilv\u00e1ntart\u00e1sokt\u00f3l f\u00fcggenek, ez\u00e9rt a jelent\u00e9st bizony\u00edt\u00e9kk\u00e9nt kell kezelni, nem pedig olyan \u00edg\u00e9retk\u00e9nt, hogy minden esem\u00e9ny szerepelni fog benne.<\/p>\n<\/p>\n<p><h2>A BMW digit\u00e1lis szervizel\u0151zm\u00e9nyei \u00e9s a j\u00f3t\u00e1ll\u00e1si ig\u00e9nyek nem azonosak<\/h2>\n<p>Modern BMW szerviznyilv\u00e1ntart\u00e1sokat nem csak pap\u00edr alap\u00fa f\u00fczetben, hanem digit\u00e1lisan is lehet t\u00e1rolni. Ez akkor hasznos, ha a f\u00fczet hi\u00e1nyzik, \u00fajonnan lett lepecs\u00e9telve, vagy nehezen ellen\u0151rizhet\u0151. A digit\u00e1lis szervizel\u0151zm\u00e9ny azonban els\u0151sorban a szerviztev\u00e9kenys\u00e9geket \u00e9s a m\u0171helyi tev\u00e9kenys\u00e9geket r\u00f6gz\u00edti. Lehet, hogy nem tartalmazza a j\u00f3t\u00e1ll\u00e1si d\u00f6nt\u00e9s minden r\u00e9szlet\u00e9t, minden diagn\u00f3zist, illetve a h\u00e1l\u00f3zaton k\u00edv\u00fcl elv\u00e9gzett munk\u00e1kat.<\/p>\n<p>Hasonl\u00f3k\u00e9ppen a j\u00f3t\u00e1ll\u00e1si jav\u00edt\u00e1s sem bizony\u00edtja, hogy a j\u00e1rm\u0171 szervizel\u0151zm\u00e9nyei teljesek lenn\u00e9nek. El\u0151fordulhat, hogy egy szem\u00e9lyg\u00e9pkocsinak vannak dokument\u00e1lt j\u00f3t\u00e1ll\u00e1si jav\u00edt\u00e1sai, de a rendszeres karbantart\u00e1sokat elmulasztott\u00e1k, vagy \u00e9ppen egy f\u00fcggetlen szakember gondosan szervizelte, \u00e9s csak korl\u00e1tozott sz\u00e1m\u00fa bejegyz\u00e9s szerepel a gy\u00e1rt\u00f3i h\u00e1l\u00f3zatban. Ez a megk\u00fcl\u00f6nb\u00f6ztet\u00e9s kulcsfontoss\u00e1g\u00fa minden <strong>\u00datmutat\u00f3 a BMW garanci\u00e1lis el\u0151\u00e9lethez<\/strong>: a teljes nyilv\u00e1ntart\u00e1st kell \u00e9rt\u00e9kelni, nem pedig egyetlen kedvez\u0151 vagy kedvez\u0151tlen mondatot.<\/p>\n<\/p>\n<p><h3>Az import\u00e1lt BMW-k eset\u00e9ben k\u00fcl\u00f6n \u00f6sszehasonl\u00edt\u00e1sra van sz\u00fcks\u00e9g<\/h3>\n<p>Az import\u00e1lt j\u00e1rm\u0171vek eset\u00e9ben hasonl\u00edtsa \u00f6ssze a sz\u00e1rmaz\u00e1si orsz\u00e1got, a forgalomba helyez\u00e9s id\u0151pontj\u00e1t, a szervizel\u00e9si d\u00e1tumokat \u00e9s a k\u00eds\u00e9r\u0151 dokumentumokban felt\u00fcntetett fut\u00e1steljes\u00edtm\u00e9ny-egys\u00e9geket. El\u0151fordulhat, hogy egy nyilv\u00e1ntart\u00e1s kilom\u00e9terben adja meg a fut\u00e1steljes\u00edtm\u00e9nyt, m\u00edg az import\u00e1l\u00f3 piacon m\u00e9rf\u00f6ldben jelzik azt. Gondosan sz\u00e1m\u00edtsa \u00e1t az \u00e9rt\u00e9keket, \u00e9s dokument\u00e1lja a sz\u00e1m\u00edt\u00e1sokat, miel\u0151tt arra a k\u00f6vetkeztet\u00e9sre jutna, hogy a fut\u00e1steljes\u00edtm\u00e9ny adatok nem egyeznek.<\/p>\n<p>K\u00e9rdezze meg azt is, hogy az elad\u00f3nak vannak-e sz\u00e1ml\u00e1i a kor\u00e1bbi haszn\u00e1lati orsz\u00e1gb\u00f3l. El\u0151fordulhat, hogy egy import\u00e1lt BMW-nek van eredeti szervizel\u0151zm\u00e9nye, amely azonban a jelenlegi piac keresked\u0151i rendszer\u00e9ben hi\u00e1nyos. Ezzel szemben egy olyan import\u00e1lt j\u00e1rm\u0171vet, amelyr\u0151l nincsenek karbantart\u00e1si igazol\u00e1sok, az ilyen bizonytalans\u00e1g figyelembev\u00e9tel\u00e9vel kell \u00e1razni \u00e9s \u00e1tvizsg\u00e1lni.<\/p>\n<\/p>\n<p><h2>Figyelmeztet\u0151 jelek a BMW garanci\u00e1lis el\u0151zm\u00e9nyek \u00e1ttekint\u00e9sekor<\/h2>\n<p>A leghasznosabb figyelmeztet\u0151 jelek az ellentmond\u00e1sok, nem pedig puszt\u00e1n a jav\u00edt\u00e1sok t\u00e9nye. Ha az elad\u00f3 azt \u00e1ll\u00edtja, hogy a szem\u00e9lyg\u00e9pkocsinak soha nem kellett jav\u00edt\u00e1st v\u00e9gezni, de az el\u00e9rhet\u0151 szerv\u00edzt\u00f6rt\u00e9netb\u0151l kider\u00fcl, hogy t\u00f6bbsz\u00f6r is garanci\u00e1lis jav\u00edt\u00e1sra vitt\u00e9k be, k\u00e9rjen magyar\u00e1zatot. Lehet, hogy \u00e1rtatlan dologr\u00f3l van sz\u00f3, de a v\u00e1lasznak konkr\u00e9tnak kell lennie, \u00e9s iratokkal kell al\u00e1t\u00e1masztani.<\/p>\n<p>Legyen \u00f3vatos, ha a kilom\u00e9ter\u00f3ra-\u00e1ll\u00e1s alacsonyabb, mint egy kor\u00e1bbi szervizel\u00e9skor r\u00f6gz\u00edtett fut\u00e1steljes\u00edtm\u00e9ny, ha a nyilv\u00e1ntart\u00e1sok id\u0151ben visszafel\u00e9 haladnak, vagy ha egy \u00fajabb modell\u0171 j\u00e1rm\u0171n\u00e9l hossz\u00fa, megmagyar\u00e1zhatatlan karbantart\u00e1si sz\u00fcnet l\u00e1that\u00f3. Vizsg\u00e1lja meg alaposan az \u00fajonnan kinyomtatott szervizf\u00fczetet is, ha abban nincsenek sz\u00e1ml\u00e1k, k\u00fcl\u00f6n\u00f6sen akkor, ha olyan b\u00e9lyegek szerepelnek benne, amelyekhez nem tartozik megfelel\u0151 fut\u00e1steljes\u00edtm\u00e9ny vagy szervizadat.<\/p>\n<p>A hib\u00e1tlanul kin\u00e9z\u0151 szerv\u00edzt\u00f6rt\u00e9netnek is vannak korl\u00e1tai. Nem ad biztos\u00edt\u00e9kot a motor, a sebess\u00e9gv\u00e1lt\u00f3, a fut\u00f3m\u0171, az akkumul\u00e1tor, a gumiabroncsok vagy a karossz\u00e9ria \u00e1llapot\u00e1r\u00f3l a szem\u00e9lyg\u00e9pkocsi \u00e1tvizsg\u00e1l\u00e1s\u00e1nak napj\u00e1n. Nem bizony\u00edtja, hogy minden jav\u00edt\u00e1st t\u00f6k\u00e9letesen v\u00e9geztek el. \u00c9ppen ez\u00e9rt ez a <strong>\u00datmutat\u00f3 a BMW garanci\u00e1lis el\u0151\u00e9lethez<\/strong> sz\u00fcks\u00e9g eset\u00e9n a fizikai \u00e1tvizsg\u00e1l\u00e1ssal \u00e9s a t\u00e1rolt hibak\u00f3dok lek\u00e9rdez\u00e9s\u00e9vel egy\u00fctt kell alkalmazni.<\/p>\n<\/p>\n<p><h2>K\u00e9rd\u00e9sek, amelyeket fel kell tenni az elad\u00f3nak<\/h2>\n<p>K\u00e9rdezze meg, hogy v\u00e9geztek-e garanci\u00e1lis jav\u00edt\u00e1sokat, visszat\u00e9rt-e ugyanaz a hiba, \u00e9s el\u00e9rhet\u0151ek az \u00f6sszes sz\u00e1ml\u00e1k. K\u00e9rjen magyar\u00e1zatot a szervizintervallumok k\u00f6z\u00f6tti esetleges hi\u00e1nyoss\u00e1gokra. Ha a j\u00e1rm\u0171 import\u00e1lt, k\u00e9rje el az eredeti piacr\u00f3l sz\u00e1rmaz\u00f3 karbantart\u00e1si dokumentumokat, valamint azt a d\u00e1tumot, amikor a j\u00e1rm\u0171 a jelenlegi orsz\u00e1gba ker\u00fclt.<\/p>\n<p>Keresked\u0151t\u0151l v\u00e1s\u00e1rolt j\u00e1rm\u0171 eset\u00e9ben k\u00e9rdezze meg, hogy az \u00e9rt\u00e9kbecsl\u00e9s sor\u00e1n mely dokumentumokat vizsg\u00e1lt\u00e1k \u00e1t, \u00e9s hogy a hirdetett fut\u00e1steljes\u00edtm\u00e9nyt \u00f6sszevetett\u00e9k-e az el\u00e9rhet\u0151 szervizadatokkal. Egy profi elad\u00f3 k\u00e9pesnek kell lennie arra, hogy elmagyar\u00e1zza, milyen dokument\u00e1ci\u00f3 \u00e1ll rendelkez\u00e9sre, \u00e9s mi az, ami ismeretlen.<\/p>\n<\/p>\n<p><h2>GYIK: \u00datmutat\u00f3 a BMW garanci\u00e1lis el\u0151zm\u00e9nyeihez<\/h2>\n<h3>Ellen\u0151rizhetem a BMW garanci\u00e1lis el\u0151\u00e9leteit a j\u00e1rm\u0171 VIN-je alapj\u00e1n?<\/h3>\n<p>A j\u00e1rm\u0171azonos\u00edt\u00f3 sz\u00e1m (VIN) seg\u00edts\u00e9g\u00e9vel azonos\u00edthat\u00f3 a j\u00e1rm\u0171, \u00e9s lek\u00e9rhet\u0151k az el\u00e9rhet\u0151 el\u0151zm\u00e9nyadatok. A j\u00f3t\u00e1ll\u00e1si inform\u00e1ci\u00f3k mennyis\u00e9ge j\u00e1rm\u0171t\u0151l, piact\u00f3l, aut\u00f3szerviz-h\u00e1l\u00f3zatt\u00f3l \u00e9s az adatforr\u00e1st\u00f3l f\u00fcgg\u0151en v\u00e1ltozik.<\/p>\n<\/p>\n<p><h3>Ha egy BMW szem\u00e9lyg\u00e9pkocsiban garanci\u00e1lis ig\u00e9nyt ny\u00fajtanak be, ez azt jelenti, hogy a szem\u00e9lyg\u00e9pkocsi megb\u00edzhatatlan?<\/h3>\n<p>Nem. Egyetlen dokument\u00e1lt reklam\u00e1ci\u00f3 is elegend\u0151 lehet annak igazol\u00e1s\u00e1ra, hogy a hib\u00e1t megfelel\u0151en jav\u00edtott\u00e1k. Ugyanazon rendszerrel kapcsolatos ism\u00e9telt reklam\u00e1ci\u00f3k, megmagyar\u00e1zhatatlan jav\u00edt\u00e1si mint\u00e1k vagy megoldatlan t\u00fcnetek alaposabb kivizsg\u00e1l\u00e1st ig\u00e9nyelnek.<\/p>\n<\/p>\n<p><h3>El\u00e9g-e a BMW digit\u00e1lis szervizel\u0151zm\u00e9nye a v\u00e1s\u00e1rl\u00e1s el\u0151tt?<\/h3>\n<p>Nem. Digit\u00e1lis szervizel\u0151zm\u00e9nyek \u00e9rt\u00e9kes bizony\u00edt\u00e9knak sz\u00e1m\u00edtanak, de azokat \u00f6ssze kell vetni a sz\u00e1ml\u00e1kkal, a kilom\u00e9ter\u00f3ra-\u00e1ll\u00e1sokkal, a j\u00e1rm\u0171 \u00e1llapot\u00e1val \u00e9s egy f\u00fcggetlen \u00e1tvizsg\u00e1l\u00e1ssal.<\/p>\n<\/p>\n<p><h3>Seg\u00edthetnek-e a garanci\u00e1lis nyilv\u00e1ntart\u00e1sok a kilom\u00e9ter\u00f3ra-csal\u00e1s felder\u00edt\u00e9s\u00e9ben?<\/h3>\n<p>\u00d6sszehasonl\u00edt\u00e1s c\u00e9lj\u00e1b\u00f3l megadhatj\u00e1k a d\u00e1tummal ell\u00e1tott kilom\u00e9ter\u00f3ra-\u00e1ll\u00e1sokat. Az elt\u00e9r\u00e9s \u00f6nmag\u00e1ban nem bizony\u00edtja a csal\u00e1st, de indokot ad a dokumentumok, az aut\u00f3szerviz adatok \u00e9s a j\u00e1rm\u0171 \u00e1ltal\u00e1nos \u00e1llapot\u00e1nak kivizsg\u00e1l\u00e1s\u00e1ra.<\/p>\n<\/p>\n<p><h3>Mit tegyek, ha a BMW garanci\u00e1lis el\u0151zm\u00e9nyei hi\u00e1nyosak?<\/h3>\n<p>K\u00e9rjen sz\u00e1ml\u00e1kat, alaposan vizsg\u00e1lja meg a szem\u00e9lyg\u00e9pkocsit, ellen\u0151rizze a VIN alapj\u00e1n el\u00e9rhet\u0151 adatokat, \u00e9s a hi\u00e1nyz\u00f3 bizony\u00edt\u00e9kokat is vegye figyelembe a v\u00e1s\u00e1rl\u00e1si d\u00f6nt\u00e9s\u00e9ben \u00e9s az \u00e1r meg\u00e1llap\u00edt\u00e1sakor. Az alacsonyabb \u00e1r nem menti fel a ellen\u0151rz\u00e9s al\u00f3l.<\/p>\n<\/p>\n<p><p>Miel\u0151tt megv\u00e1s\u00e1rolna egy haszn\u00e1lt BMW-t, alapozza d\u00f6nt\u00e9s\u00e9t olyan t\u00e9nyeken, amelyeket \u00f6sszehasonl\u00edthat: a j\u00e1rm\u0171 VIN-je, az el\u00e9rhet\u0151 szerviznyilv\u00e1ntart\u00e1sok, sz\u00e1ml\u00e1k, fut\u00e1steljes\u00edtm\u00e9ny-adatok, valamint az \u00d6n el\u0151tt \u00e1ll\u00f3 szem\u00e9lyg\u00e9pkocsi. Ez a megk\u00f6zel\u00edt\u00e9s teszi ezt a <strong>\u00datmutat\u00f3 a BMW garanci\u00e1lis el\u0151\u00e9lethez<\/strong> a puszta pap\u00edrmunk\u00e1b\u00f3l egy gyakorlati v\u00e9delmi int\u00e9zked\u00e9ss\u00e9, amely meg\u00f3v a dr\u00e1ga meglepet\u00e9sekt\u0151l.<\/p><\/p>","protected":false},"excerpt":{"rendered":"<p>Haszn\u00e1lja ezt a BMW garanci\u00e1lis el\u0151zm\u00e9nyekr\u0151l sz\u00f3l\u00f3 \u00fatmutat\u00f3t, hogy a VIN-ellen\u0151rz\u00e9sek seg\u00edts\u00e9g\u00e9vel haszn\u00e1lt BMW v\u00e1s\u00e1rl\u00e1sa el\u0151tt ellen\u0151rizze a jav\u00edt\u00e1si nyilv\u00e1ntart\u00e1sokat, a j\u00f3t\u00e1ll\u00e1si munk\u00e1kat, a fut\u00e1steljes\u00edtm\u00e9nyre utal\u00f3 jeleket \u00e9s az elmulasztott szervizel\u00e9seket.<\/p>","protected":false},"author":2,"featured_media":3053,"comment_status":"closed","ping_status":"closed","sticky":false,"template":"","format":"standard","meta":{"footnotes":""},"categories":[3],"tags":[],"class_list":["post-3052","post","type-post","status-publish","format-standard","has-post-thumbnail","hentry","category-insights"],"_links":{"self":[{"href":"https:\/\/vehiclepass.eu\/hu\/wp-json\/wp\/v2\/posts\/3052","targetHints":{"allow":["GET"]}}],"collection":[{"href":"https:\/\/vehiclepass.eu\/hu\/wp-json\/wp\/v2\/posts"}],"about":[{"href":"https:\/\/vehiclepass.eu\/hu\/wp-json\/wp\/v2\/types\/post"}],"author":[{"embeddable":true,"href":"https:\/\/vehiclepass.eu\/hu\/wp-json\/wp\/v2\/users\/2"}],"replies":[{"embeddable":true,"href":"https:\/\/vehiclepass.eu\/hu\/wp-json\/wp\/v2\/comments?post=3052"}],"version-history":[{"count":0,"href":"https:\/\/vehiclepass.eu\/hu\/wp-json\/wp\/v2\/posts\/3052\/revisions"}],"wp:featuredmedia":[{"embeddable":true,"href":"https:\/\/vehiclepass.eu\/hu\/wp-json\/wp\/v2\/media\/3053"}],"wp:attachment":[{"href":"https:\/\/vehiclepass.eu\/hu\/wp-json\/wp\/v2\/media?parent=3052"}],"wp:term":[{"taxonomy":"category","embeddable":true,"href":"https:\/\/vehiclepass.eu\/hu\/wp-json\/wp\/v2\/categories?post=3052"},{"taxonomy":"post_tag","embeddable":true,"href":"https:\/\/vehiclepass.eu\/hu\/wp-json\/wp\/v2\/tags?post=3052"}],"curies":[{"name":"wp","href":"https:\/\/api.w.org\/{rel}","templated":true}]}}