{"id":1987,"date":"2026-07-08T06:39:31","date_gmt":"2026-07-08T06:39:31","guid":{"rendered":"https:\/\/vehiclepass.eu\/imported-volkswagen\/"},"modified":"2026-07-20T13:56:28","modified_gmt":"2026-07-20T13:56:28","slug":"importalt-volkswagen","status":"publish","type":"post","link":"https:\/\/vehiclepass.eu\/hu\/imported-volkswagen\/","title":{"rendered":"Import\u00e1lt Volkswagen: Mit kell el\u0151sz\u00f6r ellen\u0151rizni?"},"content":{"rendered":"<h1>Import\u00e1lt Volkswagen: Mit kell el\u0151sz\u00f6r ellen\u0151rizni?<\/h1>\n<p>Egy alacsony fut\u00e1steljes\u00edtm\u00e9ny\u0171, N\u00e9metorsz\u00e1gb\u00f3l sz\u00e1rmaz\u00f3 Golf vagy egy j\u00f3l felszerelt, m\u00e1s piacr\u00f3l sz\u00e1rmaz\u00f3 Tiguan els\u0151 r\u00e1n\u00e9z\u00e9sre okos v\u00e1s\u00e1rl\u00e1snak t\u0171nhet \u2013 eg\u00e9szen addig, am\u00edg a pap\u00edrok \u00e9s a szervizel\u0151zm\u00e9nyek nem kezdenek hi\u00e1nyosak lenni. Amikor egy import\u00e1lt Volkswagen-t vizsg\u00e1lunk, a val\u00f3di k\u00e9rd\u00e9s nem az, hogy az aut\u00f3 k\u00fcls\u0151leg j\u00f3 \u00e1llapotban van-e, hanem az, hogy a j\u00e1rm\u0171 el\u0151\u00e9lete el\u00e9g teljes-e ahhoz, hogy megb\u00edzhassunk benn\u00fck.<\/p>\n<p>A v\u00e1s\u00e1rl\u00f3k, keresked\u0151k \u00e9s importszakemberek sz\u00e1m\u00e1ra a Volkswagen egy olyan m\u00e1rka, ahol a hiteless\u00e9g ellen\u0151rz\u00e9se fontos. Sok import\u00e1lt Volkswagen \u00e1tl\u00e9pte a hat\u00e1rokat, regisztr\u00e1ci\u00f3s rendszert v\u00e1ltott, \u00e9s az \u00e9vek sor\u00e1n k\u00fcl\u00f6nb\u00f6z\u0151 aut\u00f3szervizekben jav\u00edttatt\u00e1k. Ez nem jelenti azt, hogy rossz v\u00e1s\u00e1rl\u00e1s lenne. Azt jelenti viszont, hogy az \u00e1rr\u00f3l val\u00f3 meg\u00e1llapod\u00e1s el\u0151tt alaposabb bizony\u00edt\u00e9kokra van sz\u00fcks\u00e9g.<\/p>\n<h2>Mi\u00e9rt van sz\u00fcks\u00e9g tov\u00e1bbi ellen\u0151rz\u00e9sekre egy import\u00e1lt Volkswagen eset\u00e9ben?<\/h2>\n<p>A hazai haszn\u00e1lt szem\u00e9lyg\u00e9pkocsik eset\u00e9ben m\u00e1r eleve fenn\u00e1ll egy bizonyos fok\u00fa bizonytalans\u00e1g. Egy import\u00e1lt Volkswagen eset\u00e9ben ez a bizonytalans\u00e1g m\u00e9g tov\u00e1bb fokoz\u00f3dik, mivel a dokumentumok orsz\u00e1gok, nyelvek \u00e9s szervizh\u00e1l\u00f3zatok k\u00f6z\u00f6tt sz\u00e9tsz\u00f3r\u00f3dhatnak. El\u0151fordulhat, hogy az elad\u00f3 csak a dokumentumok egy r\u00e9sz\u00e9vel rendelkezik. Az aut\u00f3 fizikai \u00e1llapota ugyan j\u00f3 lehet, de ez \u00f6nmag\u00e1ban nem igazolja a fut\u00e1steljes\u00edtm\u00e9ny pontoss\u00e1g\u00e1t, a karbantart\u00e1s \u00fctemez\u00e9s\u00e9t, illetve azt, hogy a visszah\u00edv\u00e1si \u00e9s j\u00f3t\u00e1ll\u00e1si munk\u00e1latokat valaha elv\u00e9gezt\u00e9k-e.<\/p>\n<p>A Volkswagen-modellek gyakran fordulnak el\u0151 a kereskedelmi csatorn\u00e1kban, mivel n\u00e9pszer\u0171ek, sz\u00e9les k\u00f6rben szervizelhet\u0151k \u00e9s gyakran j\u00f3l felszereltek. Ez azt is jelenti, hogy gyakran sz\u00e1ll\u00edtj\u00e1k \u0151ket hat\u00e1ron \u00e1t viszontelad\u00e1s c\u00e9lj\u00e1b\u00f3l. A gyakorlatban a f\u0151bb kock\u00e1zatok nem kiz\u00e1r\u00f3lag a Volkswagenre jellemz\u0151ek, de az import\u00e1lt j\u00e1rm\u0171\u00e1llom\u00e1nyban el\u00e9g gyakran el\u0151fordulnak: hi\u00e1nyz\u00f3 Digit\u00e1lis szervizel\u0151zm\u00e9nyek, elt\u00e9r\u0151 kilom\u00e9ter\u00f3ra-\u00e1ll\u00e1sok, hi\u00e1nyoss\u00e1gok a szervizel\u0151zm\u00e9nyekben, valamint a k\u00fcl\u00f6nb\u00f6z\u0151 piaci v\u00e1ltozatok k\u00f6z\u00f6tti nem egy\u00e9rtelm\u0171 felszerelts\u00e9gbeli k\u00fcl\u00f6nbs\u00e9gek.<\/p>\n<p>Egy import\u00e1lt Volkswagen akkor is kiv\u00e1l\u00f3 v\u00e1s\u00e1rl\u00e1s lehet, ha a t\u00e9nyek ezt al\u00e1t\u00e1masztj\u00e1k. A c\u00e9l nem az, hogy elker\u00fclj\u00fck az import\u00e1lt szem\u00e9lyg\u00e9pkocsikat. A c\u00e9l az, hogy megk\u00fcl\u00f6nb\u00f6ztess\u00fck az ellen\u0151rz\u00f6tt szem\u00e9lyg\u00e9pkocsikat azokt\u00f3l, amelyek csak l\u00e1tsz\u00f3lag vonz\u00f3nak t\u0171nnek.<\/p>\n<h2>Mit \u00e9rdemes ellen\u0151rizni egy import\u00e1lt Volkswagen eset\u00e9ben v\u00e1s\u00e1rl\u00e1s el\u0151tt<\/h2>\n<h3>Kezdje a j\u00e1rm\u0171azonos\u00edt\u00f3 sz\u00e1mmal (VIN)<\/h3>\n<p>A j\u00e1rm\u0171azonos\u00edt\u00f3 sz\u00e1m (VIN) minden alapos ellen\u0151rz\u00e9s kiindul\u00f3pontja. Egy import\u00e1lt Volkswagen eset\u00e9ben a VIN seg\u00edt meger\u0151s\u00edteni a j\u00e1rm\u0171azonos\u00edt\u00e1st a dokumentumok, szervizbejegyz\u00e9sek, m\u0171helyi nyilv\u00e1ntart\u00e1sok \u00e9s a j\u00e1rm\u0171t\u00f6rt\u00e9netre vonatkoz\u00f3 adatok alapj\u00e1n. Ennek meg kell egyeznie az aut\u00f3val, a tulajdonjogi okm\u00e1nyokkal, a forgalomba helyez\u00e9si pap\u00edrokkal, valamint az elad\u00f3 \u00e1ltal bemutatott szervizsz\u00e1ml\u00e1kkal.<\/p>\n<p>Ha a sz\u00e9lv\u00e9d\u0151n, az ajt\u00f3 k\u00f6rny\u00e9k\u00e9n vagy a pap\u00edrokon szerepl\u0151 VIN nem egyezik meg pontosan, akkor \u00e1lljon meg, \u00e9s el\u0151sz\u00f6r ezt a probl\u00e9m\u00e1t oldja meg. Az elt\u00e9r\u00e9s lehet egyszer\u0171 adminisztr\u00e1ci\u00f3s hiba, de sokkal komolyabb probl\u00e9m\u00e1ra is utalhat.<\/p>\n<p>A <a href=\"\/hu\/hasznalt-szemelygepkocsi-ellenorzese-vasarlas-elott\/\">VIN-alap\u00fa j\u00e1rm\u0171ellen\u0151rz\u00e9s<\/a> seg\u00edts\u00e9g\u00e9vel kider\u00fclhet, hogy rendelkez\u00e9sre \u00e1llnak-e hasznos h\u00e1tt\u00e9rinform\u00e1ci\u00f3k az adott import\u00e1lt Volkswagenhez kapcsol\u00f3d\u00f3an, ide\u00e9rtve a r\u00f6gz\u00edtett karbantart\u00e1si esem\u00e9nyeket, a fut\u00e1steljes\u00edtm\u00e9nyre vonatkoz\u00f3 adatokat \u00e9s \u2013 amennyiben el\u00e9rhet\u0151ek \u2013 a szervizel\u00e9si tev\u00e9kenys\u00e9geket. Ez az\u00e9rt fontos, mert az import\u00e1lt j\u00e1rm\u0171vek gyakran hi\u00e1nyos pap\u00edralap\u00fa szervizk\u00f6nyvekkel vagy olyan nyilv\u00e1ntart\u00e1sokkal \u00e9rkeznek, amelyeket k\u00e9zzel neh\u00e9z ellen\u0151rizni.<\/p>\n<h3>Ellen\u0151rizze a j\u00e1rm\u0171 Digit\u00e1lis szervizel\u0151zm\u00e9nyeit<\/h3>\n<p>Sz\u00e1mos Volkswagen-j\u00e1rm\u0171 rendelkezik <a href=\"\/hu\/importalt-szemelygepkocsik-digitalis-szervizelozmenyek\/\">digit\u00e1lisan r\u00f6gz\u00edtett szervizesem\u00e9nyek<\/a> ahelyett, hogy csak egy pap\u00edrf\u00fczetbe lenne bejegyezve. Egy import\u00e1lt Volkswagen eset\u00e9ben ez az egyik leghasznosabb ellen\u0151rz\u00e9si szempont lehet, mivel a pap\u00edralap\u00fa dokumentumokat k\u00f6nnyebb elvesz\u00edteni, meghamis\u00edtani vagy nem a megfelel\u0151 sorrendben bemutatni.<\/p>\n<p>Ugyanakkor a v\u00e1s\u00e1rl\u00f3knak re\u00e1lisnak kell maradniuk. Nem minden Volkswagen eset\u00e9ben van el\u00e9rhet\u0151 teljes digit\u00e1lis nyomonk\u00f6vet\u00e9si adat, \u00e9s nem minden szervizl\u00e1togat\u00e1s jelenik meg ugyanabban a rendszerben. A f\u00fcggetlen szervizel\u00e9seket el\u0151fordulhat, hogy nem r\u00f6gz\u00edtik a gy\u00e1rt\u00f3hoz kapcsol\u00f3d\u00f3 nyilv\u00e1ntart\u00e1sokban. A r\u00e9gebbi j\u00e1rm\u0171vek eset\u00e9ben az adatok hi\u00e1nyosabbak lehetnek. Az ellen\u0151rz\u00e9s \u00e9rt\u00e9ke abban rejlik, hogy seg\u00edt meger\u0151s\u00edteni a rendelkez\u00e9sre \u00e1ll\u00f3 inform\u00e1ci\u00f3kat, azonos\u00edtani a hi\u00e1nyoss\u00e1gokat, valamint \u00f6sszehasonl\u00edtani az elad\u00f3 \u00e1ll\u00edt\u00e1sait a nyilv\u00e1ntart\u00e1sb\u00f3l r\u00f6gz\u00edtett bizony\u00edt\u00e9kokkal.<\/p>\n<p>Ha az elad\u00f3 azt \u00e1ll\u00edtja, hogy a j\u00e1rm\u0171 teljes keresked\u0151i el\u0151zm\u00e9nye megvan, k\u00e9rdezze meg, hogy ez a gyakorlatban mit jelent. Tartalmazza-e a karbantart\u00e1si bejegyz\u00e9seket d\u00e1tummal, a megtett kilom\u00e9tereket, a szervizek nev\u00e9t \u00e9s a szervizel\u00e9s t\u00edpusait, vagy csup\u00e1n egy olyan \u00e1ll\u00edt\u00e1sr\u00f3l van sz\u00f3, amelyet nem t\u00e1masztanak al\u00e1 dokumentumok?<\/p>\n<h3>Ellen\u0151rizze a megtett kilom\u00e9tereket, ne csak a m\u0171szerfalon l\u00e1that\u00f3 \u00e9rt\u00e9ket<\/h3>\n<p>Az import\u00e1lt j\u00e1rm\u0171vek fut\u00e1steljes\u00edtm\u00e9ny\u00e9t k\u00fcl\u00f6n\u00f6s figyelemmel kell vizsg\u00e1lni, mivel a kilom\u00e9ter\u00f3ra-\u00e1ll\u00e1s adatai a hat\u00e1ron val\u00f3 \u00e1thalad\u00e1s ut\u00e1n hi\u00e1nyosakk\u00e1 v\u00e1lhatnak. A forgalomba helyez\u0151 hat\u00f3s\u00e1gok, a m\u0171szaki \u00e1tvizsg\u00e1l\u00f3k, az aukci\u00f3s h\u00e1zak, a sz\u00e1ll\u00edt\u00f3v\u00e1llalatok \u00e9s a szervizek mind k\u00fcl\u00f6nb\u00f6z\u0151 id\u0151pontokban r\u00f6gz\u00edthetik a fut\u00e1steljes\u00edtm\u00e9nyt. Ha ezek az adatok nem egyeznek meg, meg kell \u00e9rtenie, hogy mi\u00e9rt.<\/p>\n<p>Az Eur\u00f3pai Bizotts\u00e1g t\u00f6bbsz\u00f6r is komoly probl\u00e9mak\u00e9nt jel\u00f6lte meg a kilom\u00e9ter\u00f3ra-hamis\u00edt\u00e1st a haszn\u00e1lt szem\u00e9lyg\u00e9pkocsi piac\u00e1n, k\u00fcl\u00f6n\u00f6sen a hat\u00e1ron \u00e1tny\u00fal\u00f3 kereskedelemben. A v\u00e1s\u00e1rl\u00f3knak a fut\u00e1steljes\u00edtm\u00e9nyt nem felt\u00e9telezett t\u00e9nyk\u00e9nt, hanem ellen\u0151rz\u00f6tt \u00e1ll\u00edt\u00e1sk\u00e9nt kell kezelni\u00fck. Egy olyan Volkswagen, amelynek fut\u00e1steljes\u00edtm\u00e9nye a kor\u00e1hoz k\u00e9pest szokatlanul alacsony, nem felt\u00e9tlen\u00fcl gyan\u00fas, de alaposabb bizony\u00edt\u00e9kot ig\u00e9nyel.<\/p>\n<p>Figyeljen arra, hogy a szerviznyilv\u00e1ntart\u00e1sok, az \u00e1tvizsg\u00e1l\u00e1sok \u00e9s a karbantart\u00e1si sz\u00e1ml\u00e1k k\u00f6z\u00f6tt legyen k\u00f6vetkezetes fejl\u0151d\u00e9s. A jelent\u0151s hi\u00e1nyoss\u00e1gok, a hossz\u00fa id\u0151szakokon \u00e1t v\u00e1ltozatlan fut\u00e1steljes\u00edtm\u00e9ny, illetve ha egy magasabb \u00e9rt\u00e9k ut\u00e1n alacsonyabb \u00e9rt\u00e9k jelenik meg, magyar\u00e1zatot ig\u00e9nyelnek.<\/p>\n<h3>Ne csak a karbantart\u00e1s elv\u00e9gz\u00e9s\u00e9t vegy\u00e9k figyelembe, hanem a karbantart\u00e1s \u00fctemez\u00e9s\u00e9t is<\/h3>\n<p>Egy import\u00e1lt Volkswagen eset\u00e9ben el\u0151fordulhat, hogy van n\u00e9mi szervizel\u0151zm\u00e9nye, de m\u00e9gis agg\u00e1lyokat vethet fel, ha a szervizintervallumok nem t\u0171nnek logikusnak. P\u00e9ld\u00e1ul el\u0151fordulhat, hogy az aut\u00f3 olajcser\u00e9it nyilv\u00e1ntartott\u00e1k, de nincs nyoma a f\u00e9kfolyad\u00e9k-cser\u00e9nek, a sebess\u00e9gv\u00e1lt\u00f3 karbantart\u00e1s\u00e1nak (amennyiben sz\u00fcks\u00e9ges) vagy az \u00e9letkorhoz kapcsol\u00f3d\u00f3 nagyobb jav\u00edt\u00e1si munk\u00e1knak.<\/p>\n<p>Ez k\u00fcl\u00f6n\u00f6sen fontos azokn\u00e1l a modellekn\u00e9l, amelyekn\u00e9l az id\u0151z\u00edt\u00e9s szempontj\u00e1b\u00f3l kritikus karbantart\u00e1si feladatok, hossz\u00fa \u00e9lettartam\u00fa szervizel\u00e9si \u00fctemtervek vagy a DSG sebess\u00e9gv\u00e1lt\u00f3 szervizel\u00e9si k\u00f6vetelm\u00e9nyei \u00e9rv\u00e9nyesek. A nyilv\u00e1ntart\u00e1s, amely csak annyit tartalmaz, hogy az aut\u00f3t szervizelt\u00e9k, kev\u00e9sb\u00e9 hasznos, mint a nyilv\u00e1ntart\u00e1s, amelyb\u0151l kider\u00fcl, mikor, hol \u00e9s milyen fut\u00e1steljes\u00edtm\u00e9nyn\u00e9l v\u00e9gezt\u00e9k el a munk\u00e1t.<\/p>\n<p>Ha a j\u00e1rm\u0171 t\u00f6bb orsz\u00e1gban is volt haszn\u00e1latban, ellen\u0151rizze, hogy a karbantart\u00e1st az adott motorhoz \u00e9s modell\u00e9vhez tartoz\u00f3 megfelel\u0151 \u00fctemterv szerint v\u00e9gezt\u00e9k-e el. Az import\u00e1lt j\u00e1rm\u0171vek eset\u00e9ben el\u0151fordul, hogy a sz\u00e1nd\u00e9k j\u00f3, de a karbantart\u00e1s folyamatoss\u00e1ga hi\u00e1nyos.<\/p>\n<h2>A Volkswagen import\u00e1lt modelljeivel kapcsolatos figyelmeztet\u0151 jelek, amelyeket \u00e9rdemes alaposabban megvizsg\u00e1lni<\/h2>\n<p>Egyes figyelmeztet\u0151 jelek egy\u00e9rtelm\u0171ek. M\u00e1sok addig jelent\u00e9ktelennek t\u0171nnek, am\u00edg nem jelennek meg egy\u00fctt.<\/p>\n<p>Egy import\u00e1lt Volkswagen eset\u00e9ben nagyobb \u00f3vatoss\u00e1gra van sz\u00fcks\u00e9g, ha a szervizk\u00f6nyv szokatlanul \u00fajnak t\u0171nik, ha a sz\u00e1ml\u00e1k nem egyeznek a VIN-nel, ha a fut\u00e1steljes\u00edtm\u00e9ny alakul\u00e1sa k\u00f6vetkezetlen, vagy ha hossz\u00fa id\u0151szakok alatt nincs nyoma aut\u00f3szerviz tev\u00e9kenys\u00e9g\u00e9nek. K\u00e9rd\u0151re kell vonni az elad\u00f3t olyan hom\u00e1lyos magyar\u00e1zatok eset\u00e9n is, mint p\u00e9ld\u00e1ul a \u201cbar\u00e1tom szervizelte\u201d, ha az elad\u00f3 az \u00e1llapotra \u00e9s az alacsony fut\u00e1steljes\u00edtm\u00e9nyre hivatkozva magasabb \u00e1rat k\u00e9r.<\/p>\n<p>A m\u0171szaki adatok elt\u00e9r\u00e9sei szint\u00e9n fontosak. A piacra szabott import\u00e1lt Volkswagen modellek elt\u00e9rhetnek az infotainment rendszer nyelv\u00e9t, a k\u00e1rosanyag-kibocs\u00e1t\u00e1s-cs\u00f6kkent\u0151 berendez\u00e9seket, a felszerelts\u00e9gi szintek elnevez\u00e9s\u00e9t vagy az opcion\u00e1lis felszerelts\u00e9geket illet\u0151en. Ez \u00f6nmag\u00e1ban nem jelent probl\u00e9m\u00e1t, de hat\u00e1ssal lehet az \u00fajra\u00e9rt\u00e9kes\u00edt\u00e9sre, a biztos\u00edt\u00e1si felt\u00e9telekre \u00e9s a v\u00e1s\u00e1rl\u00f3i elv\u00e1r\u00e1sokra. A szem\u00e9lyg\u00e9pkocsit annak alapj\u00e1n kell eladni, amilyen val\u00f3j\u00e1ban, nem pedig annak alapj\u00e1n, hogy mihez hasonl\u00edt legink\u00e1bb a helyi piacon.<\/p>\n<p>Egy m\u00e1sik figyelmeztet\u0151 jel az az elad\u00f3, aki t\u00falzottan a k\u00fcls\u0151 \u00e1llapotra helyezi a hangs\u00falyt, mik\u00f6zben elker\u00fcli a j\u00e1rm\u0171 nyilv\u00e1ntart\u00e1s\u00e1val kapcsolatos k\u00f6zvetlen k\u00e9rd\u00e9sek megv\u00e1laszol\u00e1s\u00e1t. A tiszta fest\u00e9k \u00e9s a gondosan \u00e1polt bels\u0151 t\u00e9r nem bizony\u00edtja a megfelel\u0151 karbantart\u00e1st.<\/p>\n<h2>Hogyan lehet felm\u00e9rni egy import\u00e1lt Volkswagen j\u00e1rm\u0171 nyilv\u00e1ntart\u00e1s\u00e1t?<\/h2>\n<h3>Pap\u00edralap\u00fa nyilv\u00e1ntart\u00e1sok<\/h3>\n<p>A pap\u00edrsz\u00e1ml\u00e1knak \u00e9s a lepecs\u00e9telt k\u00f6nyveknek m\u00e9g mindig van \u00e9rt\u00e9k\u00fck, k\u00fcl\u00f6n\u00f6sen, ha szerepel rajtuk a m\u0171hely neve, a d\u00e1tumok, a fut\u00e1steljes\u00edtm\u00e9ny \u00e9s a munk\u00e1k t\u00e9teles felsorol\u00e1sa. Egy import\u00e1lt Volkswagen eset\u00e9ben azonban a pap\u00edralap\u00fa dokumentumok \u00f6nmagukban ritk\u00e1n elegend\u0151ek. El\u0151fordulhat, hogy a dokumentumok hi\u00e1nyosak, nehezen \u00e9rtelmezhet\u0151k vagy ellen\u0151rizhetetlenek, ha a szolg\u00e1ltat\u00e1st ny\u00fajt\u00f3 aut\u00f3szerviz egy m\u00e1sik orsz\u00e1gban tal\u00e1lhat\u00f3, \u00e9s m\u00e1r nem el\u00e9rhet\u0151.<\/p>\n<h3>Digit\u00e1lis nyilv\u00e1ntart\u00e1sok<\/h3>\n<p>Digit\u00e1lis szervizel\u0151zm\u00e9nyek megb\u00edzhat\u00f3bbak lehetnek, mivel nem csup\u00e1n pecs\u00e9tekhez, hanem a szervizbejegyz\u00e9sekhez is kapcsol\u00f3dnak. Egy import\u00e1lt Volkswagen eset\u00e9ben ezek seg\u00edts\u00e9g\u00e9vel ellen\u0151rizhet\u0151, hogy a szervizel\u00e9s val\u00f3ban akkor t\u00f6rt\u00e9nt-e, amikor az elad\u00f3 \u00e1ll\u00edtja. K\u00fcl\u00f6n\u00f6sen akkor hasznosak, ha a pap\u00edralap\u00fa dokument\u00e1ci\u00f3 hi\u00e1nyos.<\/p>\n<h3>J\u00e1rm\u0171t\u00f6rt\u00e9neti jelent\u00e9sk\u00e9sz\u00edt\u00e9s<\/h3>\n<p>A j\u00e1rm\u0171t\u00f6rt\u00e9neti jelent\u00e9s seg\u00edts\u00e9g\u00e9vel \u00f6ssze lehet gy\u0171jteni az el\u00e9rhet\u0151 adatokat a j\u00e1rm\u0171azonos\u00edt\u00e1sr\u00f3l, a fut\u00e1steljes\u00edtm\u00e9nyre vonatkoz\u00f3 inform\u00e1ci\u00f3kr\u00f3l, a szervizl\u00e1togat\u00e1sokr\u00f3l \u00e9s a karbantart\u00e1ssal kapcsolatos bejegyz\u00e9sekr\u0151l. Import\u00e1lt aut\u00f3k eset\u00e9ben ez a k\u00f6zpontos\u00edtott \u00e1ttekint\u00e9s gyakran praktikusabb megold\u00e1s, mint a sz\u00e9tsz\u00f3rt dokumentumokb\u00f3l k\u00e9zzel rekonstru\u00e1lni az id\u0151vonalat.<\/p>\n<p>Itt j\u00f6n j\u00f3l a VehiclePass. A j\u00e1rm\u0171azonos\u00edt\u00f3-sz\u00e1m (VIN) alapj\u00e1n v\u00e9gzett ellen\u0151rz\u00e9s seg\u00edts\u00e9g\u00e9vel a vev\u0151 vagy a keresked\u0151 m\u00e9g az \u00e1tad\u00e1s-\u00e1tv\u00e9tel el\u0151tt \u00e1ttekintheti a rendelkez\u00e9sre \u00e1ll\u00f3 digit\u00e1lis szervizel\u0151zm\u00e9nyeket, karbantart\u00e1si nyilv\u00e1ntart\u00e1sokat, fut\u00e1steljes\u00edtm\u00e9ny-adatokat, m\u0171helyl\u00e1togat\u00e1sokat \u00e9s egy\u00e9b h\u00e1tt\u00e9radatokat. Ez ugyan nem helyettes\u00edti a fizikai \u00e1tvizsg\u00e1l\u00e1st, de hat\u00e9kony sz\u0171r\u0151k\u00e9nt szolg\u00e1l annak eld\u00f6nt\u00e9s\u00e9hez, hogy a j\u00e1rm\u0171 el\u0151zm\u00e9nyei al\u00e1t\u00e1masztj\u00e1k-e a k\u00e9rt \u00e1rat.<\/p>\n<h2>\u00c9rdemes megn\u00e9zni a k\u00f6vetkez\u0151 hivatalos forr\u00e1sokat<\/h2>\n<p>Egy import\u00e1lt Volkswagen \u00e1tvizsg\u00e1l\u00e1sakor az is hasznos, ha az elad\u00f3 \u00e1ltal szolg\u00e1ltatott inform\u00e1ci\u00f3kat \u00f6sszehasonl\u00edtjuk a hivatalos \u00fatmutat\u00e1sokkal. A Volkswagen gy\u00e1rt\u00f3i csatorn\u00e1in kereszt\u00fcl biztos\u00edt tulajdonosi \u00e9s modellspecifikus t\u00e1mogat\u00e1si inform\u00e1ci\u00f3kat. A biztons\u00e1gi visszah\u00edv\u00e1sokr\u00f3l \u2013 amennyiben el\u00e9rhet\u0151ek \u2013 a hivatalos visszah\u00edv\u00e1si adatb\u00e1zisokban lehet t\u00e1j\u00e9koz\u00f3dni. Az Egyes\u00fclt \u00c1llamokban a Nemzeti K\u00f6z\u00fati K\u00f6zleked\u00e9sbiztons\u00e1gi Hivatal (National Highway Traffic Safety Administration) vezeti a visszah\u00edv\u00e1si inform\u00e1ci\u00f3kat, m\u00edg az eur\u00f3pai v\u00e1s\u00e1rl\u00f3k az aut\u00f3 forgalomba helyez\u00e9s\u00e9nek t\u00f6rt\u00e9net\u00e9t\u0151l f\u00fcgg\u0151en a nemzeti k\u00f6zleked\u00e9si hat\u00f3s\u00e1gokhoz is fordulhatnak. Az Eur\u00f3pai Bizotts\u00e1g szint\u00e9n k\u00f6zz\u00e9tett anyagokat a kilom\u00e9ter\u00f3ra-csal\u00e1sr\u00f3l \u00e9s a hat\u00e1rokon \u00e1tny\u00fal\u00f3 haszn\u00e1lt szem\u00e9lyg\u00e9pkocsi v\u00e1s\u00e1rl\u00e1s kock\u00e1zatair\u00f3l.<\/p>\n<p>Az importtal kapcsolatos m\u0171szaki vagy forgalomba helyez\u00e9si k\u00e9rd\u00e9sekben az egyes orsz\u00e1gok illet\u00e9kes hat\u00f3s\u00e1gainak ir\u00e1nymutat\u00e1sai fontosabbak, mint az \u00e1ltal\u00e1nos tan\u00e1csok. A k\u00f6vetelm\u00e9nyek orsz\u00e1gonk\u00e9nt elt\u00e9r\u0151ek, \u00e9s el\u0151fordulhat, hogy egy import\u00e1lt Volkswagen, amelyet az egyik orsz\u00e1gban k\u00f6nnyen forgalomba lehet helyezni, egy m\u00e1sikban tov\u00e1bbi pap\u00edrmunk\u00e1t ig\u00e9nyel.<\/p>\n<h2>\u00c9rdemes-e import\u00e1lt Volkswagen-t v\u00e1s\u00e1rolni?<\/h2>\n<p>N\u00e9ha igen. Gyakran val\u00f3ban meg\u00e9ri. Az import\u00e1lt Volkswagenek jobb m\u0171szaki adatokkal, kedvez\u0151bb \u00e1rakkal, illetve olyan modellekhez \u00e9s motorv\u00e1ltozatokhoz val\u00f3 hozz\u00e1f\u00e9r\u00e9ssel kecsegtethetnek, amelyek itthon nehezebben beszerezhet\u0151k.<\/p>\n<p>De a legjobb import\u00e1lt Volkswagen nem felt\u00e9tlen\u00fcl a legolcs\u00f3bb. Hanem az, amelynek ellen\u0151rz\u00f6tt a tulajdonosi t\u00f6rt\u00e9nete, a kilom\u00e9ter\u00f3ra-\u00e1ll\u00e1s konzisztenci\u00e1ja k\u00f6vetkezetes, \u00e9s a szervizel\u00e9st igazol\u00f3 dokumentumok m\u0171szakilag is megalapozottak. Ha a dokument\u00e1ci\u00f3 hi\u00e1nyos, az \u00e1rnak t\u00fckr\u00f6znie kell ezt a kock\u00e1zatot. Ha az elad\u00f3 a piaci cs\u00facs\u00e1rat k\u00e9ri, a j\u00e1rm\u0171 el\u0151\u00e9letenek el\u00e9g meggy\u0151z\u0151nek kell lenni\u00fck ahhoz, hogy ezt indokolj\u00e1k.<\/p>\n<p>A keresked\u0151k sz\u00e1m\u00e1ra ez a k\u00e9szlet min\u0151s\u00e9g\u00e9t \u00e9s az \u00e1rr\u00e9s meg\u0151rz\u00e9s\u00e9t jelenti. A mag\u00e1nv\u00e1s\u00e1rl\u00f3k sz\u00e1m\u00e1ra pedig arr\u00f3l sz\u00f3l, hogy elker\u00fclj\u00e9k azt a l\u00e1tsz\u00f3lagos megtakar\u00edt\u00e1st, amikor egy szem\u00e9lyg\u00e9pkocsi olcs\u00f3nak t\u0171nik, de a v\u00e1s\u00e1rl\u00e1s ut\u00e1n azonnal jav\u00edt\u00e1sra szorul.<\/p>\n<h2>GYIK<\/h2>\n<h3>Rossz d\u00f6nt\u00e9s egy import\u00e1lt Volkswagen megv\u00e1s\u00e1rl\u00e1sa?<\/h3>\n<p>Nem. Egy import\u00e1lt Volkswagen j\u00f3 v\u00e1s\u00e1rl\u00e1s lehet, ha a j\u00e1rm\u0171azonos\u00edt\u00f3 sz\u00e1m (VIN), a fut\u00e1steljes\u00edtm\u00e9ny \u00e9s a szervizel\u0151zm\u00e9nyek rendben vannak. A k\u00e9rd\u00e9s nem csup\u00e1n az import\u00e1lt st\u00e1tuszban rejlik. A l\u00e9nyeg az, hogy ellen\u0151rz\u00f6tt-e a j\u00e1rm\u0171 el\u0151\u00e9lete.<\/p>\n<h3>Ellen\u0151rizhetem-e egy import\u00e1lt Volkswagen digit\u00e1lis szervizel\u0151zm\u00e9nyeit?<\/h3>\n<p>Bizonyos esetekben igen. A rendelkez\u00e9sre \u00e1ll\u00e1s a j\u00e1rm\u0171 t\u00edpus\u00e1t\u00f3l, kor\u00e1t\u00f3l, a szervizh\u00e1l\u00f3zatt\u00f3l \u00e9s a r\u00f6gz\u00edtett adatokt\u00f3l f\u00fcgg. Soha ne felt\u00e9telezz\u00fck, hogy minden import\u00e1lt Volkswagen rendelkezik teljes Digit\u00e1lis szervizel\u0151zm\u00e9nyekkel.<\/p>\n<h3>Hogyan ellen\u0151rizhetem egy import\u00e1lt Volkswagen fut\u00e1steljes\u00edtm\u00e9ny\u00e9t?<\/h3>\n<p>Hasonl\u00edtsa \u00f6ssze a jelenlegi kilom\u00e9ter\u00f3ra-\u00e1ll\u00e1st a szervizbejegyz\u00e9sekkel, a m\u0171helyi nyilv\u00e1ntart\u00e1sokkal, a m\u0171szaki \u00e1tvizsg\u00e1l\u00e1sok t\u00f6rt\u00e9net\u00e9vel, valamint a j\u00e1rm\u0171 azonos\u00edt\u00f3sz\u00e1m\u00e1hoz (VIN) kapcsol\u00f3d\u00f3, el\u00e9rhet\u0151 j\u00e1rm\u0171t\u00f6rt\u00e9net-adatokkal. Az adatok \u00f6sszhangja fontosabb, mint egy-egy alacsony kilom\u00e9ter\u00f3ra-\u00e1ll\u00e1s.<\/p>\n<h3>Milyen dokumentumoknak kell a behozott Volkswagenhez tartozniuk?<\/h3>\n<p>Sz\u00e1molnia kell a regisztr\u00e1ci\u00f3s iratokkal, adott esetben a tulajdonjog l\u00e1nc\u00e1t igazol\u00f3 dokumentumokkal, a szervizsz\u00e1ml\u00e1kkal vagy -nyilv\u00e1ntart\u00e1sokkal, valamint az \u00d6n piac\u00e1n el\u0151\u00edrt b\u00e1rmely behozatali vagy megfelel\u0151s\u00e9gi dokumentummal. A pontos dokumentumcsomag orsz\u00e1gonk\u00e9nt elt\u00e9r\u0151.<\/p>\n<h3>Mi a legbiztons\u00e1gosabb m\u00f3dja annak, hogy v\u00e1s\u00e1rl\u00e1s el\u0151tt \u00e1tvizsg\u00e1ljunk egy import\u00e1lt Volkswagen-t?<\/h3>\n<p>Alkalmazzon t\u00f6bbszint\u0171 megk\u00f6zel\u00edt\u00e9st: ellen\u0151rizze a j\u00e1rm\u0171azonos\u00edt\u00f3 sz\u00e1mot (VIN), tekintse \u00e1t az el\u00e9rhet\u0151 digit\u00e1lis szerv\u00edzt\u00f6rt\u00e9netet, \u00e9rt\u00e9kelje a karbantart\u00e1si nyilv\u00e1ntart\u00e1sokat, ellen\u0151rizze a fut\u00e1steljes\u00edtm\u00e9ny k\u00f6vetkezetess\u00e9g\u00e9t, \u00e9s v\u00e9gezzen fizikai \u00e1llapotfelm\u00e9r\u00e9st az aut\u00f3n. Ha az elad\u00f3 nem tudja bizony\u00edt\u00e9kokkal al\u00e1t\u00e1masztani a legfontosabb \u00e1ll\u00edt\u00e1sait, ezt vegye figyelembe a v\u00e1s\u00e1rl\u00e1si d\u00f6nt\u00e9s meghozatalakor.<\/p>\n<p>Ha import\u00e1lt Volkswagen-t szeretne v\u00e1s\u00e1rolni, ink\u00e1bb a nyilv\u00e1ntart\u00e1sra t\u00e1maszkodjon, mint a bemutat\u00e1sra \u2013 az ellen\u0151rz\u00f6tt el\u0151\u00e9let v\u00e9di meg a p\u00e9nz\u00e9t a v\u00e1s\u00e1rl\u00e1s ut\u00e1n.<\/p>","protected":false},"excerpt":{"rendered":"<p>Import\u00e1lt Volkswagen-t szeretne v\u00e1s\u00e1rolni? Tudja meg, hogyan ellen\u0151rizheti a j\u00e1rm\u0171 VIN-j\u00e9t, a szervizel\u0151zm\u00e9nyeket, a fut\u00e1steljes\u00edtm\u00e9nyet, a visszah\u00edv\u00e1sokat \u00e9s a karbantart\u00e1si nyilv\u00e1ntart\u00e1sokat, miel\u0151tt d\u00f6nt\u00e9st hozna.<\/p>","protected":false},"author":2,"featured_media":1988,"comment_status":"closed","ping_status":"closed","sticky":false,"template":"","format":"standard","meta":{"footnotes":""},"categories":[3,5],"tags":[],"class_list":["post-1987","post","type-post","status-publish","format-standard","has-post-thumbnail","hentry","category-insights","category-volkswagen"],"_links":{"self":[{"href":"https:\/\/vehiclepass.eu\/hu\/wp-json\/wp\/v2\/posts\/1987","targetHints":{"allow":["GET"]}}],"collection":[{"href":"https:\/\/vehiclepass.eu\/hu\/wp-json\/wp\/v2\/posts"}],"about":[{"href":"https:\/\/vehiclepass.eu\/hu\/wp-json\/wp\/v2\/types\/post"}],"author":[{"embeddable":true,"href":"https:\/\/vehiclepass.eu\/hu\/wp-json\/wp\/v2\/users\/2"}],"replies":[{"embeddable":true,"href":"https:\/\/vehiclepass.eu\/hu\/wp-json\/wp\/v2\/comments?post=1987"}],"version-history":[{"count":2,"href":"https:\/\/vehiclepass.eu\/hu\/wp-json\/wp\/v2\/posts\/1987\/revisions"}],"predecessor-version":[{"id":2532,"href":"https:\/\/vehiclepass.eu\/hu\/wp-json\/wp\/v2\/posts\/1987\/revisions\/2532"}],"wp:featuredmedia":[{"embeddable":true,"href":"https:\/\/vehiclepass.eu\/hu\/wp-json\/wp\/v2\/media\/1988"}],"wp:attachment":[{"href":"https:\/\/vehiclepass.eu\/hu\/wp-json\/wp\/v2\/media?parent=1987"}],"wp:term":[{"taxonomy":"category","embeddable":true,"href":"https:\/\/vehiclepass.eu\/hu\/wp-json\/wp\/v2\/categories?post=1987"},{"taxonomy":"post_tag","embeddable":true,"href":"https:\/\/vehiclepass.eu\/hu\/wp-json\/wp\/v2\/tags?post=1987"}],"curies":[{"name":"wp","href":"https:\/\/api.w.org\/{rel}","templated":true}]}}