{"id":1904,"date":"2026-07-07T06:48:44","date_gmt":"2026-07-07T06:48:44","guid":{"rendered":"https:\/\/vehiclepass.eu\/what-is-a-vehicle-verification\/"},"modified":"2026-07-20T13:59:53","modified_gmt":"2026-07-20T13:59:53","slug":"mi-az-a-jarmuellenorzes","status":"publish","type":"post","link":"https:\/\/vehiclepass.eu\/hu\/what-is-a-vehicle-verification\/","title":{"rendered":"Mi az a j\u00e1rm\u0171ellen\u0151rz\u00e9s?"},"content":{"rendered":"<h1>Mi az a j\u00e1rm\u0171ellen\u0151rz\u00e9s?<\/h1>\n<p>Egy haszn\u00e1lt szem\u00e9lyg\u00e9pkocsi k\u00fcls\u0151leg j\u00f3 \u00e1llapot\u00fanak t\u0171nhet, j\u00f3l vezethet\u0151 lehet, \u00e9s m\u00e9gis dr\u00e1ga probl\u00e9m\u00e1kat rejthet a m\u00faltj\u00e1ban. \u00c9ppen ez\u00e9rt k\u00e9rdezik az emberek: mi is az a j\u00e1rm\u0171ellen\u0151rz\u00e9s? Egyszer\u0171en fogalmazva: ez az a folyamat, amelynek sor\u00e1n a j\u00e1rm\u0171azonos\u00edt\u00e1s adatait \u00e9s el\u0151zm\u00e9nyeit f\u00fcggetlen nyilv\u00e1ntart\u00e1sok alapj\u00e1n ellen\u0151rzik, miel\u0151tt azt megv\u00e1s\u00e1roln\u00e1k, eladn\u00e1k, import\u00e1ln\u00e1k vagy a k\u00e9szletbe felvenn\u00e9k.<\/p>\n<p>A j\u00e1rm\u0171 megfelel\u0151 ellen\u0151rz\u00e9se nem csup\u00e1n a m\u0171szerfalon szerepl\u0151 VIN \u00e1tfut\u00f3 pillant\u00e1sa vagy az elad\u00f3 dokumentumainak gyors \u00e1ttekint\u00e9se. Ez egy struktur\u00e1lt ellen\u0151rz\u00e9s, amely seg\u00edt meger\u0151s\u00edteni, hogy az \u00d6n el\u0151tt \u00e1ll\u00f3 j\u00e1rm\u0171 egyezik-e a r\u00f3la el\u00e9rhet\u0151 nyilv\u00e1ntart\u00e1si adatokkal. A m\u00e1rk\u00e1t\u00f3l, a j\u00e1rm\u0171 kor\u00e1t\u00f3l, a piact\u00f3l \u00e9s a rendelkez\u00e9sre \u00e1ll\u00f3 adatokt\u00f3l f\u00fcgg\u0151en ez mag\u00e1ban foglalhatja a VIN-sz\u00e1m adatait, a kilom\u00e9ter\u00f3ra-\u00e1ll\u00e1s bejegyz\u00e9seit, a karbantart\u00e1si el\u0151zm\u00e9nyeket, a szervizl\u00e1togat\u00e1sokat, a j\u00f3t\u00e1ll\u00e1si nyilv\u00e1ntart\u00e1sokat \u00e9s a digit\u00e1lis szervizel\u0151zm\u00e9nyeket.<\/p>\n<p>A mag\u00e1nv\u00e1s\u00e1rl\u00f3k sz\u00e1m\u00e1ra a c\u00e9l egy\u00e9rtelm\u0171: cs\u00f6kkenteni annak az es\u00e9ly\u00e9t, hogy olyan szem\u00e9lyg\u00e9pkocsit v\u00e1s\u00e1roljanak, amelyben <a href=\"\/hu\/milyen-dokumentumokat-kell-ellenorizni-hasznalt-szemelygepkocsi-vasarlasakor\/\">rejtett probl\u00e9m\u00e1k<\/a>. Az aut\u00f3keresked\u0151k, keresked\u0151k \u00e9s importszakemberek sz\u00e1m\u00e1ra a j\u00e1rm\u0171ellen\u0151rz\u00e9s egy kock\u00e1zatkezel\u00e9si l\u00e9p\u00e9s. Seg\u00edt azonos\u00edtani azokat a szem\u00e9lyg\u00e9pkocsikat, amelyeket alaposabb \u00e1tvizsg\u00e1l\u00e1snak kell al\u00e1vetni, miel\u0151tt a p\u00e9nz \u00e1tad\u00e1sra ker\u00fclne.<\/p>\n<h2>Mit tartalmaz a j\u00e1rm\u0171ellen\u0151rz\u00e9s?<\/h2>\n<p>A pontos ellen\u0151rz\u00e9si k\u00f6r az adatforr\u00e1st\u00f3l \u00e9s mag\u00e1t\u00f3l a j\u00e1rm\u0171t\u0151l f\u00fcgg, de a j\u00e1rm\u0171ellen\u0151rz\u00e9s \u00e1ltal\u00e1ban a VIN-sz\u00e1mmal kezd\u0151dik. A VIN-sz\u00e1m a j\u00e1rm\u0171 egyedi azonos\u00edt\u00f3ja, amely \u00f6sszekapcsolja az aut\u00f3t a gy\u00e1rt\u00f3 rendszereivel, a szerviznyilv\u00e1ntart\u00e1sokkal \u00e9s \u2013 amennyiben el\u00e9rhet\u0151ek \u2013 egy\u00e9b h\u00e1tt\u00e9radatokkal.<\/p>\n<p>Ebb\u0151l kiindulva a j\u00e1rm\u0171ellen\u0151rz\u00e9s kiterjedhet olyan alapvet\u0151 azonos\u00edt\u00f3 adatokra, mint a gy\u00e1rtm\u00e1ny, a modell, a motort\u00edpus, a gy\u00e1rt\u00e1si \u00e9v \u00e9s a gy\u00e1ri m\u0171szaki adatok. Emellett kider\u00fclhet, hogy vannak-e a VIN-sz\u00e1mhoz kapcsol\u00f3d\u00f3 r\u00f6gz\u00edtett szervizel\u00e9si esem\u00e9nyek, kilom\u00e9ter\u00f3ra-\u00e1ll\u00e1sok, karbantart\u00e1si bejegyz\u00e9sek, j\u00f3t\u00e1ll\u00e1si esem\u00e9nyek vagy m\u0171helyl\u00e1togat\u00e1sok.<\/p>\n<p>Sok haszn\u00e1lt szem\u00e9lyg\u00e9pkocsi v\u00e1s\u00e1rl\u00f3 sz\u00e1m\u00e1ra a legfontosabb szempont a szervizel\u00e9si el\u0151zm\u00e9nyek \u00e9s a fut\u00e1steljes\u00edtm\u00e9ny. A pecs\u00e9tes pap\u00edralap\u00fa szervizk\u00f6nyv hasznos lehet, de \u00f6nmag\u00e1ban nem mindig elegend\u0151. Sz\u00e1mos modern j\u00e1rm\u0171, k\u00fcl\u00f6n\u00f6sen olyan m\u00e1rk\u00e1kn\u00e1l, mint a BMW, MINI, Mercedes-Benz, Audi, Volkswagen, Skoda, SEAT, CUPRA, Porsche, Volvo, Ford \u00e9s Toyota, a modellt\u0151l, a piact\u00f3l \u00e9s a szervizh\u00e1l\u00f3zatt\u00f3l f\u00fcgg\u0151en rendelkezhet valamilyen szint\u0171 digit\u00e1lis szervizel\u0151zm\u00e9nyekkel.<\/p>\n<p>Ez nem jelenti azt, hogy minden j\u00e1rm\u0171r\u0151l teljes k\u00f6r\u0171 adatok \u00e1llnak rendelkez\u00e9sre. Egyes szem\u00e9lyg\u00e9pkocsik szervizel\u00e9s\u00e9t a hivatalos h\u00e1l\u00f3zaton k\u00edv\u00fcl v\u00e9gezt\u00e9k. Egyes nyilv\u00e1ntart\u00e1sok hi\u00e1nyosak lehetnek. Az import\u00e1lt j\u00e1rm\u0171vek eset\u00e9ben hi\u00e1nyoss\u00e1gok l\u00e9phetnek fel, ha a szervizel\u00e9seket k\u00fcl\u00f6nb\u00f6z\u0151 rendszerekben r\u00f6gz\u00edtett\u00e9k, vagy azokat nem digitaliz\u00e1lt\u00e1k. Egy alapos j\u00e1rm\u0171ellen\u0151rz\u00e9s seg\u00edt felm\u00e9rni, hogy milyen adatok \u00e1llnak rendelkez\u00e9sre, \u00e9s hol vannak m\u00e9g tiszt\u00e1zatlan k\u00e9rd\u00e9sek.<\/p>\n<h2>Mi\u00e9rt fontos a j\u00e1rm\u0171 ellen\u0151rz\u00e9se haszn\u00e1lt szem\u00e9lyg\u00e9pkocsi v\u00e1s\u00e1rl\u00e1sa el\u0151tt?<\/h2>\n<p>A haszn\u00e1lt aut\u00f3piac a bizalmon alapul, de a bizony\u00edt\u00e9k n\u00e9lk\u00fcli bizalom miatt a v\u00e1s\u00e1rl\u00f3k k\u00f6nnyen becsap\u00f3dhatnak. El\u0151fordulhat, hogy az elad\u00f3 \u00fagy jellemzi a szem\u00e9lyg\u00e9pkocsit, hogy j\u00f3l karbantartott, alacsony fut\u00e1steljes\u00edtm\u00e9ny\u0171 \u00e9s balesetmentes. A j\u00e1rm\u0171ellen\u0151rz\u00e9s seg\u00edts\u00e9g\u00e9vel ezeket az \u00e1ll\u00edt\u00e1sokat a nyilv\u00e1ntart\u00e1sok alapj\u00e1n lehet ellen\u0151rizni.<\/p>\n<p>A fut\u00e1steljes\u00edtm\u00e9ny az egyik legjellemz\u0151bb p\u00e9lda. Ha a kilom\u00e9ter\u00f3ra-\u00e1ll\u00e1s az aut\u00f3 kor\u00e1hoz k\u00e9pest alacsonynak t\u0171nik, az vonz\u00f3 lehet, de ezt is \u00e9rdemes ellen\u0151rizni. <a href=\"\/hu\/controleer-een-tweedehandsauto-voordat-je-hem-koopt\/\">Kilom\u00e9ter\u00f3ra-\u00e1ll\u00e1s elt\u00e9r\u00e9sei<\/a> \u00f6nmagukban nem mindig bizony\u00edtj\u00e1k a csal\u00e1st, de jelzik, hogy az aut\u00f3t alaposabban meg kell vizsg\u00e1lni. Az Eur\u00f3pai Bizotts\u00e1g a kilom\u00e9ter\u00f3ra-manipul\u00e1ci\u00f3t s\u00falyos probl\u00e9mak\u00e9nt azonos\u00edtotta a haszn\u00e1lt szem\u00e9lyg\u00e9pkocsi piac\u00e1n, k\u00fcl\u00f6n\u00f6sen a hat\u00e1ron \u00e1tny\u00fal\u00f3 kereskedelemben. Az eur\u00f3pai orsz\u00e1gok fogyaszt\u00f3v\u00e9delmi \u00e9s k\u00f6zleked\u00e9si hat\u00f3s\u00e1gai szint\u00e9n arra figyelmeztetik a v\u00e1s\u00e1rl\u00f3kat, hogy v\u00e1s\u00e1rl\u00e1s el\u0151tt ellen\u0151rizz\u00e9k a j\u00e1rm\u0171t\u00f6rt\u00e9netet.<\/p>\n<p>Szervizel\u0151zm\u00e9nyek m\u00e1s okb\u00f3l is fontosak. Egy pr\u00e9mium kateg\u00f3ri\u00e1s haszn\u00e1lt szem\u00e9lyg\u00e9pkocsi, amelynek nincs megb\u00edzhat\u00f3 karbantart\u00e1si el\u0151zm\u00e9nye, gyorsan dr\u00e1g\u00e1v\u00e1 v\u00e1lhat. Az elmulasztott olajcser\u00e9k, a k\u00e9sleltetett sebess\u00e9gv\u00e1lt\u00f3-karbantart\u00e1s vagy ugyanazon probl\u00e9ma miatt ism\u00e9telt aut\u00f3szerviz-l\u00e1togat\u00e1sok megv\u00e1ltoztathatj\u00e1k az aut\u00f3 t\u00e9nyleges \u00e9rt\u00e9k\u00e9t. Az ellen\u0151rz\u00e9s seg\u00edt a v\u00e1s\u00e1rl\u00f3knak, hogy ne csak a k\u00fcls\u0151 \u00e1llapotot vegy\u00e9k figyelembe, hanem azt is megvizsg\u00e1lj\u00e1k, hogy a j\u00e1rm\u0171vet olyan m\u00f3don karbantartott\u00e1k-e, amely igazolja a k\u00e9rt \u00e1rat.<\/p>\n<h2>Mi a c\u00e9lja a j\u00e1rm\u0171-ellen\u0151rz\u00e9snek?<\/h2>\n<p>Amikor az emberek azt k\u00e9rdezik, mi is az a j\u00e1rm\u0171ellen\u0151rz\u00e9s, \u00e1ltal\u00e1ban arra k\u00edv\u00e1ncsiak, hogy milyen kock\u00e1zatokat hivatott felt\u00e1rni. A gyakorlatban ez az adatok \u00f6sszhangj\u00e1nak ellen\u0151rz\u00e9s\u00e9t jelenti.<\/p>\n<p>El\u0151sz\u00f6r is ellen\u0151rzi az azonos\u00edthat\u00f3s\u00e1got. Egyezik-e a szem\u00e9lyg\u00e9pkocsi-azonos\u00edt\u00f3 sz\u00e1m (VIN) a szem\u00e9lyg\u00e9pkocsival, a dokumentumokkal \u00e9s a hirdet\u00e9sben szerepl\u0151 m\u0171szaki adatokkal? Ha a hirdet\u00e9sben egy felszerelts\u00e9gi szint vagy motorv\u00e1ltozat szerepel, a VIN-adatok alapj\u00e1n viszont m\u00e1s der\u00fcl ki, akkor erre \u00e9rdemes odafigyelni.<\/p>\n<p>M\u00e1sodszor, ellen\u0151rzi az id\u0151rendet. A fut\u00e1steljes\u00edtm\u00e9ny \u00e9s a szervizbejegyz\u00e9sek id\u0151beli sorrendje logikus-e? A nagy id\u0151beli h\u00e9zagok nem mindig jelentenek kiz\u00e1r\u00f3 okot, de befoly\u00e1solj\u00e1k a megb\u00edzhat\u00f3s\u00e1g m\u00e9rt\u00e9k\u00e9t.<\/p>\n<p>Harmadszor, ellen\u0151rzi a karbantart\u00e1si igazol\u00e1sokat. Ha rendelkez\u00e9sre \u00e1llnak digit\u00e1lis szervizel\u0151zm\u00e9nyek, szervizbejegyz\u00e9sek vagy j\u00f3t\u00e1ll\u00e1si esem\u00e9nyek, azok seg\u00edts\u00e9g\u00e9vel meg\u00e1llap\u00edthat\u00f3, hogy az aut\u00f3t rendszeresen szervizelt\u00e9k-e, \u00e9s hol.<\/p>\n<p>Negyedszer, ellen\u0151rzi a h\u00e1tt\u00e9rk\u00f6r\u00fclm\u00e9nyeket. Az import\u00e1lt j\u00e1rm\u0171vek eset\u00e9ben gyakran k\u00fcl\u00f6n\u00f6s figyelemre van sz\u00fcks\u00e9g, mivel a v\u00e1s\u00e1rl\u00f3k ismeretlen dokumentumokra, idegen nyelv\u0171 sz\u00e1ml\u00e1kra vagy hi\u00e1nyos nyilv\u00e1ntart\u00e1sokra t\u00e1maszkodhatnak. A j\u00e1rm\u0171ellen\u0151rz\u00e9s seg\u00edthet \u00e1thidalni ezt a hi\u00e1nyoss\u00e1got az\u00e1ltal, hogy az el\u00e9rhet\u0151, alv\u00e1zsz\u00e1mhoz kapcsol\u00f3d\u00f3 adatokat k\u00f6nnyebben \u00e9rtelmezhet\u0151 form\u00e1tumban \u00f6sszegy\u0171jti.<\/p>\n<h2>J\u00e1rm\u0171ellen\u0151rz\u00e9s kontra alapvet\u0151 el\u0151zm\u00e9nyellen\u0151rz\u00e9s<\/h2>\n<p>Nem minden j\u00e1rm\u0171ellen\u0151rz\u00e9s egyforma. Az alapvet\u0151 el\u0151zm\u00e9nyellen\u0151rz\u00e9s \u2013 az orsz\u00e1gt\u00f3l \u00e9s a szolg\u00e1ltat\u00f3t\u00f3l f\u00fcgg\u0151en \u2013 a forgalmi enged\u00e9lyre, a lop\u00e1sra, a tulajdonjogi st\u00e1tuszra vagy a finansz\u00edroz\u00e1si jel\u00f6l\u00e9sekre \u00f6sszpontos\u00edthat. Ez hasznos lehet, de nem mindig ad sok inform\u00e1ci\u00f3t arr\u00f3l, hogy az aut\u00f3t hogyan karbantartott\u00e1k.<\/p>\n<p>A j\u00e1rm\u0171ellen\u0151rz\u00e9s gyakran hasznosabb, ha a tulajdonjoggal kapcsolatos kock\u00e1zatokr\u00f3l \u00e9s a j\u00e1rm\u0171 m\u0171szaki el\u0151zm\u00e9nyeir\u0151l d\u00f6nt\u00e9shozatalhoz sz\u00fcks\u00e9ges inform\u00e1ci\u00f3kra van sz\u00fcks\u00e9g. Ez k\u00fcl\u00f6n\u00f6sen igaz az \u00fajabb haszn\u00e1lt j\u00e1rm\u0171vekre \u00e9s a m\u00e1rk\u00e1ra \u00e9rz\u00e9keny szem\u00e9lyg\u00e9pkocsikra, ahol a Digit\u00e1lis szervizel\u0151zm\u00e9nyeknek komoly jelent\u0151s\u00e9ge van.<\/p>\n<p>P\u00e9ld\u00e1ul egy \u00fajabb modell\u0171 BMW vagy Mercedes-Benz fot\u00f3kon j\u00f3l n\u00e9zhet ki, \u00e9s az elad\u00f3 le\u00edr\u00e1sa is meggy\u0151z\u0151 lehet, de ha a szervizel\u0151zm\u00e9nyek hi\u00e1nyoznak vagy ellentmond\u00e1sosak, az mind a kock\u00e1zatot, mind az \u00fajra\u00e9rt\u00e9kes\u00edt\u00e9si \u00e9rt\u00e9ket befoly\u00e1solja. Ugyanez vonatkozik a Volkswagen-csoport j\u00e1rm\u0171veire is, mint p\u00e9ld\u00e1ul az Audi, a Volkswagen, a \u0160koda, a SEAT \u00e9s a CUPRA, amelyek eset\u00e9ben a digit\u00e1lis nyilv\u00e1ntart\u00e1sok \u2013 amennyiben el\u00e9rhet\u0151ek \u2013 fontos h\u00e1tt\u00e9rinform\u00e1ci\u00f3kat ny\u00fajthatnak.<\/p>\n<h2>Mit nem lehet igazolni egy j\u00e1rm\u0171ellen\u0151rz\u00e9s eredm\u00e9nyeivel<\/h2>\n<p>Ahhoz, hogy megb\u00edzhat\u00f3an elmagyar\u00e1zzuk, mi is az a j\u00e1rm\u0171ellen\u0151rz\u00e9s, meg kell hat\u00e1roznunk annak kereteit is. Ez nem m\u0171szaki \u00e1tvizsg\u00e1l\u00e1s, \u00e9s nem garant\u00e1lja, hogy a szem\u00e9lyg\u00e9pkocsi a nyilv\u00e1ntartott szervizel\u00e9sek k\u00f6z\u00f6tt soha nem szenvedett k\u00e1rt, nem voltak megfelel\u0151 jav\u00edt\u00e1sok, vagy nem voltak elhanyagoltak.<\/p>\n<p>Emellett nem tud olyan adatokat l\u00e9trehozni, amelyek nem l\u00e9teznek. Ha egy j\u00e1rm\u0171vet a r\u00e9sztvev\u0151 h\u00e1l\u00f3zat keretein k\u00edv\u00fcl szervizeltek, ha a nyilv\u00e1ntart\u00e1sokat soha nem digitaliz\u00e1lt\u00e1k, vagy ha az el\u00e9rhet\u0151 adatb\u00e1zisok hi\u00e1nyosak, el\u0151fordulhat, hogy a jelent\u00e9s csak a j\u00e1rm\u0171 el\u0151zm\u00e9nyeinek egy r\u00e9sz\u00e9t jelen\u00edti meg. Ez teljesen norm\u00e1lis.<\/p>\n<p>\u00c9ppen ez\u00e9rt a j\u00e1rm\u0171\u00e1tvizsg\u00e1l\u00e1s a leghat\u00e9konyabban fizikai szemle, dokumentumok \u00e1ttekint\u00e9se, valamint \u2013 adott esetben \u2013 f\u00fcggetlen v\u00e1s\u00e1rl\u00e1s el\u0151tti \u00e1tvizsg\u00e1l\u00e1s mellett m\u0171k\u00f6dik. Az \u00e1tvizsg\u00e1l\u00e1s bizony\u00edt\u00e9kot szolg\u00e1ltat. Nem helyettes\u00edti azonban a j\u00f3zan \u00e9szt vagy a saj\u00e1t szemmel v\u00e9gzett \u00e9rt\u00e9kel\u00e9st.<\/p>\n<h2>Hogyan zajlik \u00e1ltal\u00e1ban a folyamat?<\/h2>\n<p>A j\u00e1rm\u0171ellen\u0151rz\u00e9s legt\u00f6bbsz\u00f6r a j\u00e1rm\u0171azonos\u00edt\u00f3 sz\u00e1mmal (VIN) kezd\u0151dik. A VIN be\u00edr\u00e1s\u00e1t k\u00f6vet\u0151en a rendszer \u00e1tkutatja az adott j\u00e1rm\u0171h\u00f6z kapcsol\u00f3d\u00f3 el\u00e9rhet\u0151 adatforr\u00e1sokat. Ha l\u00e9teznek ilyen adatok, az eredm\u00e9nyek k\u00f6z\u00f6tt szerepelhetnek szervizel\u00e9si d\u00e1tumok, kilom\u00e9ter\u00f3ra-\u00e1ll\u00e1s-adatok, karbantart\u00e1si esem\u00e9nyek, m\u0171helyi bejegyz\u00e9sek vagy kapcsol\u00f3d\u00f3 h\u00e1tt\u00e9rinform\u00e1ci\u00f3k.<\/p>\n<p>Az igazi \u00e9rt\u00e9k nem csup\u00e1n a nyers adatok megtekint\u00e9s\u00e9ben rejlik. Hanem abban, hogy \u00f6ssze tudjuk hasonl\u00edtani azokat az elad\u00f3 \u00e1ll\u00edt\u00e1saival, a kilom\u00e9ter\u00f3ra-\u00e1ll\u00e1ssal, a szervizk\u00f6nyvvel \u00e9s a szem\u00e9lyg\u00e9pkocsi hirdet\u00e9sben szerepl\u0151 \u00e1llapot\u00e1val. Ha minden stimmel, az n\u00f6veli a bizalmat. Ha viszont nem, akkor tudjuk, hol kell alaposabb k\u00e9rd\u00e9seket feltenni.<\/p>\n<p>Aut\u00f3keresked\u0151k \u00e9s import\u0151r\u00f6k sz\u00e1m\u00e1ra ez a folyamat hasznos lehet a k\u00e9szletv\u00e1s\u00e1rl\u00e1s, a besz\u00e1m\u00edt\u00e1si \u00e9rt\u00e9k meg\u00e1llap\u00edt\u00e1sa \u00e9s a hat\u00e1ron t\u00fali beszerz\u00e9s el\u0151tt. Mag\u00e1nv\u00e1s\u00e1rl\u00f3k sz\u00e1m\u00e1ra pedig legink\u00e1bb az el\u0151leg befizet\u00e9se vagy a j\u00e1rm\u0171 megtekint\u00e9se c\u00e9lj\u00e1b\u00f3l t\u00f6rt\u00e9n\u0151 utaz\u00e1s el\u0151tt hasznos.<\/p>\n<h2>Mi az import\u00e1lt j\u00e1rm\u0171vek eset\u00e9ben v\u00e9gzett j\u00e1rm\u0171ellen\u0151rz\u00e9s?<\/h2>\n<p>Az import\u00e1lt j\u00e1rm\u0171vek k\u00fcl\u00f6n figyelmet \u00e9rdemelnek, mivel ezekkel kapcsolatban nagyobb a bizonytalans\u00e1g. El\u0151fordulhat, hogy egy szem\u00e9lyg\u00e9pkocsi t\u00f6bb orsz\u00e1gon, szervizh\u00e1l\u00f3zaton \u00e9s dokumentum-szabv\u00e1nyokon is \u00e1thaladt. A pap\u00edrmunka l\u00e1tsz\u00f3lag teljesnek t\u0171nhet, de m\u00e9gis tartalmazhat fontos hi\u00e1nyoss\u00e1gokat.<\/p>\n<p>Ebben az \u00f6sszef\u00fcgg\u00e9sben mit jelent a j\u00e1rm\u0171ellen\u0151rz\u00e9s? Ez egy olyan m\u00f3dszer, amellyel ellen\u0151rizhet\u0151, hogy az import\u00e1lt j\u00e1rm\u0171 azonos\u00edt\u00f3 adatai, fut\u00e1steljes\u00edtm\u00e9ny-el\u0151zm\u00e9nyei \u00e9s karbantart\u00e1si nyilv\u00e1ntart\u00e1sai \u00f6sszhangban vannak-e az el\u00e9rhet\u0151 inform\u00e1ci\u00f3kkal. Ez k\u00fcl\u00f6n\u00f6sen hasznos a n\u00e9met \u00e9s m\u00e1s eur\u00f3pai m\u00e1rk\u00e1k eset\u00e9ben, amelyekkel gyakran folyik hat\u00e1ron \u00e1tny\u00fal\u00f3 kereskedelem.<\/p>\n<p>Ha p\u00e9ld\u00e1ul egy import\u00e1lt Audi, BMW, Volkswagen, Toyota vagy Volvo \u00e1llapot\u00e1t vizsg\u00e1lja, a digit\u00e1lis szervizel\u0151zm\u00e9nyek \u00e9s a m\u0171helybejegyz\u00e9sek seg\u00edthetnek abban, hogy ellen\u0151rizze az elad\u00f3 \u00e1ll\u00edt\u00e1sait a karbantart\u00e1ssal kapcsolatban. Ha ezek a nyilv\u00e1ntart\u00e1sok hi\u00e1nyoznak, az nem jelenti automatikusan, hogy az aut\u00f3 rossz \u00e1llapot\u00fa, de befoly\u00e1solnia kell az \u00e1rat, az \u00f3vatoss\u00e1got \u00e9s a sz\u00fcks\u00e9ges \u00e1tvizsg\u00e1l\u00e1s m\u00e9rt\u00e9k\u00e9t.<\/p>\n<h2>Hogyan seg\u00edt a VehiclePass?<\/h2>\n<p>A VehiclePass seg\u00edt a v\u00e1s\u00e1rl\u00f3knak, keresked\u0151knek \u00e9s import\u00e1l\u00f3 szakembereknek a haszn\u00e1lt j\u00e1rm\u0171vek ellen\u0151rz\u00e9s\u00e9ben a j\u00e1rm\u0171azonos\u00edt\u00f3 sz\u00e1m (VIN) alapj\u00e1n v\u00e9gzett ellen\u0151rz\u00e9sek \u00e9s a rendelkez\u00e9sre \u00e1ll\u00f3 digit\u00e1lis szerv\u00edzt\u00f6rt\u00e9net-elemz\u00e9s r\u00e9v\u00e9n. A j\u00e1rm\u0171t\u0151l \u00e9s a rendelkez\u00e9sre \u00e1ll\u00f3 adatokt\u00f3l f\u00fcgg\u0151en a jelent\u00e9s tartalmazhatja a digit\u00e1lis szerv\u00edzt\u00f6rt\u00e9netet, a karbantart\u00e1si nyilv\u00e1ntart\u00e1sokat, a fut\u00e1steljes\u00edtm\u00e9nyre vonatkoz\u00f3 inform\u00e1ci\u00f3kat, a szervizl\u00e1togat\u00e1sokat, a j\u00f3t\u00e1ll\u00e1si bejegyz\u00e9seket, valamint egy\u00e9b h\u00e1tt\u00e9radatokat, amelyek el\u0151seg\u00edtik a jobb v\u00e1s\u00e1rl\u00e1si d\u00f6nt\u00e9sek meghozatal\u00e1t.<\/p>\n<p>Ez az\u00e9rt fontos, mert a k\u00e9rd\u00e9s ritk\u00e1n csup\u00e1n az, hogy mi is az a j\u00e1rm\u0171ellen\u0151rz\u00e9s. Az igazi k\u00e9rd\u00e9s az, hogy a megv\u00e1s\u00e1rolni k\u00edv\u00e1nt j\u00e1rm\u0171 eset\u00e9ben vannak-e bizony\u00edt\u00e9kok az elad\u00f3 \u00e1ltal el\u0151adott t\u00f6rt\u00e9net al\u00e1t\u00e1maszt\u00e1s\u00e1ra. A j\u00e1rm\u0171azonos\u00edt\u00f3 sz\u00e1mon (VIN) alapul\u00f3 jelent\u00e9s egy\u00e9rtelm\u0171bb alapot ny\u00fajt ehhez a d\u00f6nt\u00e9shez, an\u00e9lk\u00fcl, hogy kiz\u00e1r\u00f3lag pap\u00edralap\u00fa nyilv\u00e1ntart\u00e1sokra vagy az elad\u00f3 biztos\u00edt\u00e9kaira kellene t\u00e1maszkodni.<\/p>\n<h2>GYIK<\/h2>\n<h3>Mit jelent egyszer\u0171en fogalmazva a j\u00e1rm\u0171ellen\u0151rz\u00e9s?<\/h3>\n<p>Ez egy VIN-alap\u00fa j\u00e1rm\u0171ellen\u0151rz\u00e9s, amely seg\u00edt meger\u0151s\u00edteni a j\u00e1rm\u0171azonos\u00edt\u00e1st \u00e9s az el\u00e9rhet\u0151 h\u00e1tt\u00e9radatokat, p\u00e9ld\u00e1ul a szervizel\u0151zm\u00e9nyeket, a fut\u00e1steljes\u00edtm\u00e9ny-adatokat \u00e9s a m\u0171helyi beavatkoz\u00e1sokat.<\/p>\n<h3>Mire szolg\u00e1l a j\u00e1rm\u0171ellen\u0151rz\u00e9s szem\u00e9lyg\u00e9pkocsi-v\u00e1s\u00e1rl\u00e1skor?<\/h3>\n<p>C\u00e9lja, hogy a v\u00e1s\u00e1rl\u00e1s el\u0151tt cs\u00f6kkentse a kock\u00e1zatot az\u00e1ltal, hogy ellen\u0151rzi, az elad\u00f3 \u00e1ll\u00edt\u00e1sai egyeznek-e az adott j\u00e1rm\u0171re vonatkoz\u00f3 el\u00e9rhet\u0151 nyilv\u00e1ntart\u00e1sokkal.<\/p>\n<h3>A j\u00e1rm\u0171ellen\u0151rz\u00e9s felt\u00e1rja-e a fut\u00e1steljes\u00edtm\u00e9ny-hamis\u00edt\u00e1st?<\/h3>\n<p>Ez ugyan felt\u00e1rhatja a kilom\u00e9ter\u00f3ra-\u00e1ll\u00e1s elt\u00e9r\u00e9seit vagy a nyilv\u00e1ntart\u00e1sban szerepl\u0151 gyan\u00fas hi\u00e1nyoss\u00e1gokat, de \u00f6nmag\u00e1ban nem bizony\u00edtja a csal\u00e1st. Seg\u00edt azonban annak meg\u00e1llap\u00edt\u00e1s\u00e1ban, hogy mikor sz\u00fcks\u00e9ges tov\u00e1bbi ellen\u0151rz\u00e9seket v\u00e9gezni.<\/p>\n<h3>Mi az import\u00e1lt szem\u00e9lyg\u00e9pkocsik eset\u00e9ben a j\u00e1rm\u0171ellen\u0151rz\u00e9s?<\/h3>\n<p>Az import\u00e1lt szem\u00e9lyg\u00e9pkocsik eset\u00e9ben ez seg\u00edt ellen\u0151rizni, hogy a j\u00e1rm\u0171azonos\u00edt\u00f3 sz\u00e1m (VIN), a kilom\u00e9ter\u00f3ra-\u00e1ll\u00e1s el\u0151zm\u00e9nyei \u00e9s a karbantart\u00e1si igazol\u00e1sok \u00f6sszhangban vannak-e az el\u00e9rhet\u0151 adatokkal.<\/p>\n<h3>Minden szem\u00e9lyg\u00e9pkocsival van digit\u00e1lis szervizel\u0151zm\u00e9nyek?<\/h3>\n<p>Nem. Egyes j\u00e1rm\u0171vekr\u0151l teljes k\u00f6r\u0171 digit\u00e1lis nyilv\u00e1ntart\u00e1s el\u00e9rhet\u0151, m\u00e1sokr\u00f3l csak r\u00e9szleges, m\u00edg egyesekr\u0151l alig vagy egy\u00e1ltal\u00e1n nincs digit\u00e1lis el\u0151zm\u00e9ny.<\/p>\n<p>Miel\u0151tt b\u00e1rmilyen haszn\u00e1lt j\u00e1rm\u0171 v\u00e1s\u00e1rl\u00e1s\u00e1ra k\u00f6telezn\u00e9 mag\u00e1t, gy\u0151z\u0151dj\u00f6n meg arr\u00f3l, hogy a j\u00e1rm\u0171 t\u00f6rt\u00e9nete, a pap\u00edrok \u00e9s az el\u00e9rhet\u0151 nyilv\u00e1ntart\u00e1sok mind ugyanarra a k\u00f6vetkeztet\u00e9sre vezetnek.<\/p>","protected":false},"excerpt":{"rendered":"<p>Mi az a j\u00e1rm\u0171ellen\u0151rz\u00e9s? Tudja meg, mit vizsg\u00e1lnak, milyen adatok jelenhetnek meg, \u00e9s hogyan seg\u00edt a v\u00e1s\u00e1rl\u00f3knak felismerni a fut\u00e1steljes\u00edtm\u00e9nyt, a j\u00e1rm\u0171 el\u0151\u00e9let\u00e9t \u00e9s az importtal kapcsolatos kock\u00e1zatokat.<\/p>","protected":false},"author":2,"featured_media":1905,"comment_status":"closed","ping_status":"closed","sticky":false,"template":"","format":"standard","meta":{"footnotes":""},"categories":[16,3],"tags":[],"class_list":["post-1904","post","type-post","status-publish","format-standard","has-post-thumbnail","hentry","category-check","category-insights"],"_links":{"self":[{"href":"https:\/\/vehiclepass.eu\/hu\/wp-json\/wp\/v2\/posts\/1904","targetHints":{"allow":["GET"]}}],"collection":[{"href":"https:\/\/vehiclepass.eu\/hu\/wp-json\/wp\/v2\/posts"}],"about":[{"href":"https:\/\/vehiclepass.eu\/hu\/wp-json\/wp\/v2\/types\/post"}],"author":[{"embeddable":true,"href":"https:\/\/vehiclepass.eu\/hu\/wp-json\/wp\/v2\/users\/2"}],"replies":[{"embeddable":true,"href":"https:\/\/vehiclepass.eu\/hu\/wp-json\/wp\/v2\/comments?post=1904"}],"version-history":[{"count":2,"href":"https:\/\/vehiclepass.eu\/hu\/wp-json\/wp\/v2\/posts\/1904\/revisions"}],"predecessor-version":[{"id":2396,"href":"https:\/\/vehiclepass.eu\/hu\/wp-json\/wp\/v2\/posts\/1904\/revisions\/2396"}],"wp:featuredmedia":[{"embeddable":true,"href":"https:\/\/vehiclepass.eu\/hu\/wp-json\/wp\/v2\/media\/1905"}],"wp:attachment":[{"href":"https:\/\/vehiclepass.eu\/hu\/wp-json\/wp\/v2\/media?parent=1904"}],"wp:term":[{"taxonomy":"category","embeddable":true,"href":"https:\/\/vehiclepass.eu\/hu\/wp-json\/wp\/v2\/categories?post=1904"},{"taxonomy":"post_tag","embeddable":true,"href":"https:\/\/vehiclepass.eu\/hu\/wp-json\/wp\/v2\/tags?post=1904"}],"curies":[{"name":"wp","href":"https:\/\/api.w.org\/{rel}","templated":true}]}}